{"id":1195,"date":"2015-11-17T15:43:31","date_gmt":"2015-11-17T15:43:31","guid":{"rendered":"http:\/\/centralmedia.rs\/?p=1195"},"modified":"2015-11-17T15:43:31","modified_gmt":"2015-11-17T15:43:31","slug":"odrzan-strajk-upozorenja-u-andrea-konfekcione","status":"publish","type":"post","link":"https:\/\/centralmedia.rs\/index.php\/2015\/11\/17\/odrzan-strajk-upozorenja-u-andrea-konfekcione\/","title":{"rendered":"ODR\u017dAN \u0160TRAJK UPOZORENJA U ANDREA KONFEKCIONE"},"content":{"rendered":"<p>STAVOVI SINDIKATA I ITALIJANA SVE DALJI<br \/>\nJAGODINA-Sindikat Nezavisnost odr\u017eao je u utorak jedno\u010dasovni \u0161trajk upozorenja u italijanskoj fabrici Andrea konfekcioni u Jagodini zbog nepo\u0161tovanja radni\u010dkih prava, ali to nije dovelo do po\u010detka dijaloga sa menad\u017ementom. Sindikalci su zato najavili radikalizaciju, ali predhodno \u0107e o svemu obavestiti centralu kompanije Andrea konfekcioni u Italiji, kao i me\u0111unarodnu sindikalnu uniju.<br \/>\n<a href=\"https:\/\/centralmedia.rs\/wp-content\/uploads\/2015\/11\/momirka-bojic-jagodina-g.j..jpg\"><img loading=\"lazy\" decoding=\"async\" src=\"https:\/\/centralmedia.rs\/wp-content\/uploads\/2015\/11\/momirka-bojic-jagodina-g.j.-290x300.jpg\" alt=\"momirka bojic-jagodina-g.j.\" width=\"290\" height=\"300\" class=\"alignnone size-medium wp-image-1197\" srcset=\"https:\/\/centralmedia.rs\/wp-content\/uploads\/2015\/11\/momirka-bojic-jagodina-g.j.-290x300.jpg 290w, https:\/\/centralmedia.rs\/wp-content\/uploads\/2015\/11\/momirka-bojic-jagodina-g.j..jpg 870w\" sizes=\"(max-width: 290px) 100vw, 290px\" \/><\/a><br \/>\n\t-Oko 300 zaposlenih je podr\u017ealo na\u0161e zahteve, a to je, pre svega, po\u010detak dijaloga sa menad\u017eementom i postavljanje pitanja koja su bitna za nas. Me\u0111utim, uvek sam nailazila na odbojnost, vre\u0111anje, vulgarsnosti i pogrdne re\u010di. Zovu me, a zatim izbacuju iz kancelarije. O njihovom pona\u0161anju nemam re\u010di,a opet imam energiju i \u017eelju da sednemo i pri\u010damo o zajedni\u010dkoj budu\u0107nosti. To je prva strana fabrika u Jagodini i treba da bude primer u svemu, me\u0111utim, od prvog dana je po\u010delo sa lo\u0161im opho\u0111enjem prema zaposlenima, kazala je predsednica Sindikata Nezavisnost Momirka Boji\u0107, obra\u0107aju\u0107i se kolegama koje su protestvovale.<br \/>\n<a href=\"https:\/\/centralmedia.rs\/wp-content\/uploads\/2015\/11\/andrea-konfekcione-1-jagodina-g.j..jpg\"><img loading=\"lazy\" decoding=\"async\" src=\"https:\/\/centralmedia.rs\/wp-content\/uploads\/2015\/11\/andrea-konfekcione-1-jagodina-g.j.-300x141.jpg\" alt=\"andrea konfekcione 1-jagodina-g.j.\" width=\"300\" height=\"141\" class=\"alignnone size-medium wp-image-1198\" srcset=\"https:\/\/centralmedia.rs\/wp-content\/uploads\/2015\/11\/andrea-konfekcione-1-jagodina-g.j.-300x141.jpg 300w, https:\/\/centralmedia.rs\/wp-content\/uploads\/2015\/11\/andrea-konfekcione-1-jagodina-g.j.-1024x481.jpg 1024w, https:\/\/centralmedia.rs\/wp-content\/uploads\/2015\/11\/andrea-konfekcione-1-jagodina-g.j..jpg 1500w\" sizes=\"(max-width: 300px) 100vw, 300px\" \/><\/a><br \/>\nSindikalci zahtevaju obrazlo\u017eenje za uvo\u0111enje 10-\u010dasovnog radnog vremena,  kao i da se osim jedne polu\u010dasovne pauze,radnicima omogu\u0107i jo\u0161 jedna pauza u trajanju od 15 minuta. Tako\u0111e, zahtevaju da im se dostavi Pravilnik o  normama i da se prekine sa praksom kaznenih, takozvanih \u201eslu\u017ebenih bele\u0161ki\u201c, koje slu\u017ee za vr\u0161enje pritiska i davanje otkaza radnicima. Pored toga, zahteva se formiranje Odbor za bezbednost i zdravlje na radu, kao i da se do kraja 2015 godine  zapo\u010dnu pregovori poslovodstva Confezioni Andrea Serbia i Sindikata \u201eNezavisnost\u201c oko pove\u0107anja zarada i naknade za topli obrok i regres. Poslovodstvo je u pisanoj formi dostavilo zaposlenima da odbija sindikalne zahteve, niti prihvataju pregovore.<br \/>\n<a href=\"https:\/\/centralmedia.rs\/wp-content\/uploads\/2015\/11\/andrea-konfekcione-3-jagodina-g.j..jpg\"><img loading=\"lazy\" decoding=\"async\" src=\"https:\/\/centralmedia.rs\/wp-content\/uploads\/2015\/11\/andrea-konfekcione-3-jagodina-g.j.-300x175.jpg\" alt=\"andrea konfekcione 3-jagodina-g.j.\" width=\"300\" height=\"175\" class=\"alignnone size-medium wp-image-1199\" srcset=\"https:\/\/centralmedia.rs\/wp-content\/uploads\/2015\/11\/andrea-konfekcione-3-jagodina-g.j.-300x175.jpg 300w, https:\/\/centralmedia.rs\/wp-content\/uploads\/2015\/11\/andrea-konfekcione-3-jagodina-g.j.-1024x597.jpg 1024w, https:\/\/centralmedia.rs\/wp-content\/uploads\/2015\/11\/andrea-konfekcione-3-jagodina-g.j..jpg 1200w\" sizes=\"(max-width: 300px) 100vw, 300px\" \/><\/a><br \/>\n\t-Sindikat radnika Andrea konfekcioni ima 450 zaposlenih i oni nisu \u0161trajkovali. Ostatak zaposlenih, koje vodi neki sindikat iz Kolubare, je \u0161trajkovao zbog deseto\u010dasovnog radnog vremena, a taj rad je pla\u0107en i sve je po zakonu. Zarada se ispla\u0107uje 20. u mesecu, minimalac je 30 hiljada dinara. \u0160to ti\u010de slu\u017ebenih bele\u0161ki, svakodnevno je kod nas inspekcija rada i oni bi primetili da je ne\u0161to sumnjivo. Nema razloga za \u0161trajk. De\u0161ava se da interveni\u0161e hitna pomo\u0107 kada nekome nije dobro, ali sve je zabele\u017eno i propra\u0107eno kroz papire, ka\u017ee generalni direktor  Dejan \u0160i\u0161kovski, koji nije \u017eeleo da se slika.<br \/>\n<a href=\"https:\/\/centralmedia.rs\/wp-content\/uploads\/2015\/11\/snimateljka-menadzmenta-jagodina-g.j.jpg\"><img loading=\"lazy\" decoding=\"async\" src=\"https:\/\/centralmedia.rs\/wp-content\/uploads\/2015\/11\/snimateljka-menadzmenta-jagodina-g.j-281x300.jpg\" alt=\"snimateljka menadzmenta-jagodina-g.j\" width=\"281\" height=\"300\" class=\"alignnone size-medium wp-image-1200\" srcset=\"https:\/\/centralmedia.rs\/wp-content\/uploads\/2015\/11\/snimateljka-menadzmenta-jagodina-g.j-281x300.jpg 281w, https:\/\/centralmedia.rs\/wp-content\/uploads\/2015\/11\/snimateljka-menadzmenta-jagodina-g.j.jpg 843w\" sizes=\"(max-width: 281px) 100vw, 281px\" \/><\/a><br \/>\n\tNovinarske ekipe i zaposlene koji su protestvovali sve vreme su snimale devojke iz obezbe\u0111enja, koje su pojedinim novinarima  tra\u017eile legitimacije, zabranjivale da do\u0111u do direktora, jako grubro i uvredljivo se odnosile prema koleginicama novinarkama, po principu ,,ko si ti, \u0161ta tra\u017ei\u0161 ili ho\u0107e\u0161\u201c. U tome je prednja\u010dila devojka za koju su nam zaposleni kazali da se zove Marija Zuvi\u0107. Zaposleni za njih ka\u017eu da da nare\u0111uju, vi\u010du i da dobro poznaju isto\u010dnja\u010dke ve\u0161tine.<br \/>\n<a href=\"https:\/\/centralmedia.rs\/wp-content\/uploads\/2015\/11\/marija-zuvic-jagodina-g.j..jpg\"><img loading=\"lazy\" decoding=\"async\" src=\"https:\/\/centralmedia.rs\/wp-content\/uploads\/2015\/11\/marija-zuvic-jagodina-g.j.-232x300.jpg\" alt=\"marija zuvic-jagodina-g.j.\" width=\"232\" height=\"300\" class=\"alignnone size-medium wp-image-1201\" srcset=\"https:\/\/centralmedia.rs\/wp-content\/uploads\/2015\/11\/marija-zuvic-jagodina-g.j.-232x300.jpg 232w, https:\/\/centralmedia.rs\/wp-content\/uploads\/2015\/11\/marija-zuvic-jagodina-g.j.-793x1024.jpg 793w, https:\/\/centralmedia.rs\/wp-content\/uploads\/2015\/11\/marija-zuvic-jagodina-g.j..jpg 990w\" sizes=\"(max-width: 232px) 100vw, 232px\" \/><\/a><\/p>\n","protected":false},"excerpt":{"rendered":"<p>STAVOVI SINDIKATA I ITALIJANA SVE DALJI JAGODINA-Sindikat Nezavisnost odr\u017eao je u utorak jedno\u010dasovni \u0161trajk upozorenja u italijanskoj fabrici Andrea konfekcioni u Jagodini zbog nepo\u0161tovanja radni\u010dkih &hellip; <\/p>\n","protected":false},"author":4,"featured_media":1196,"comment_status":"open","ping_status":"open","sticky":false,"template":"","format":"standard","meta":{"footnotes":""},"categories":[22,2,12],"tags":[71,58,211],"_links":{"self":[{"href":"https:\/\/centralmedia.rs\/index.php\/wp-json\/wp\/v2\/posts\/1195"}],"collection":[{"href":"https:\/\/centralmedia.rs\/index.php\/wp-json\/wp\/v2\/posts"}],"about":[{"href":"https:\/\/centralmedia.rs\/index.php\/wp-json\/wp\/v2\/types\/post"}],"author":[{"embeddable":true,"href":"https:\/\/centralmedia.rs\/index.php\/wp-json\/wp\/v2\/users\/4"}],"replies":[{"embeddable":true,"href":"https:\/\/centralmedia.rs\/index.php\/wp-json\/wp\/v2\/comments?post=1195"}],"version-history":[{"count":0,"href":"https:\/\/centralmedia.rs\/index.php\/wp-json\/wp\/v2\/posts\/1195\/revisions"}],"wp:featuredmedia":[{"embeddable":true,"href":"https:\/\/centralmedia.rs\/index.php\/wp-json\/wp\/v2\/media\/1196"}],"wp:attachment":[{"href":"https:\/\/centralmedia.rs\/index.php\/wp-json\/wp\/v2\/media?parent=1195"}],"wp:term":[{"taxonomy":"category","embeddable":true,"href":"https:\/\/centralmedia.rs\/index.php\/wp-json\/wp\/v2\/categories?post=1195"},{"taxonomy":"post_tag","embeddable":true,"href":"https:\/\/centralmedia.rs\/index.php\/wp-json\/wp\/v2\/tags?post=1195"}],"curies":[{"name":"wp","href":"https:\/\/api.w.org\/{rel}","templated":true}]}}