{"id":11952,"date":"2018-05-02T11:07:37","date_gmt":"2018-05-02T11:07:37","guid":{"rendered":"http:\/\/centralmedia.rs\/?p=11952"},"modified":"2018-05-14T14:22:21","modified_gmt":"2018-05-14T14:22:21","slug":"stamatovic-gondola-se-gradi-nismo-protiv-nase-drzave-ali-necemo-nikome-dozvoliti-da-nas-ponizava","status":"publish","type":"post","link":"https:\/\/centralmedia.rs\/index.php\/2018\/05\/02\/stamatovic-gondola-se-gradi-nismo-protiv-nase-drzave-ali-necemo-nikome-dozvoliti-da-nas-ponizava\/","title":{"rendered":"Stamatovi\u0107: Gondola se gradi! Nismo protiv na\u0161e dr\u017eave ali ne\u0107emo nikome dozvoliti da nas poni\u017eava!"},"content":{"rendered":"<p>ZLATIBOR \u2013 \u201ePre godinu dana \u201eZlatiborskom mobom\u201c krenuli smo sa radovima na po\u010detnoj stanici gondole. Simboli\u010dno, na Praznik rada 2018. godine intenzivirali smo te radove i zlatiborska gondola dobija svoje jasne obrise\u201c rekao je predsednik op\u0161tine \u010cajetina Milan Stamatovi\u0107a na simboli\u010dnom po\u010detku radova na izgradnji po\u010detne stanice budu\u0107e panoramske gondole na Zlatiboru.<a href=\"https:\/\/centralmedia.rs\/wp-content\/uploads\/2018\/05\/Narod-na-polaganju-temelja-za-prvi-stub-gondole-na-Zlatiboru.jpg\"><img loading=\"lazy\" decoding=\"async\" class=\"alignright size-medium wp-image-11954\" src=\"https:\/\/centralmedia.rs\/wp-content\/uploads\/2018\/05\/Narod-na-polaganju-temelja-za-prvi-stub-gondole-na-Zlatiboru-300x169.jpg\" alt=\"\" width=\"300\" height=\"169\" srcset=\"https:\/\/centralmedia.rs\/wp-content\/uploads\/2018\/05\/Narod-na-polaganju-temelja-za-prvi-stub-gondole-na-Zlatiboru-300x169.jpg 300w, https:\/\/centralmedia.rs\/wp-content\/uploads\/2018\/05\/Narod-na-polaganju-temelja-za-prvi-stub-gondole-na-Zlatiboru-768x432.jpg 768w, https:\/\/centralmedia.rs\/wp-content\/uploads\/2018\/05\/Narod-na-polaganju-temelja-za-prvi-stub-gondole-na-Zlatiboru.jpg 900w\" sizes=\"(max-width: 300px) 100vw, 300px\" \/><\/a><\/p>\n<p>,,Nakon tri godine ponovo se nalazimo na po\u010detku i \u017eelimo da uputimo poruku otu\u0111enoj, odnaro\u0111enoj vlasti oli\u010denoj u jednom \u010doveku i vaninstitucionalnim jedinicama Srpske napredne stranke\u201c nastavio je Stamatovi\u0107 \u201eda po\u0161tuju Ustav i zakone ove dr\u017eave. \u00a0Da ne spre\u010davaju op\u0161ti interes, da ne odugovla\u010de, da nam ne vre\u0111aju inteligenciju i ne prave \u0161tetu dr\u017eavi Srbiji, gra\u0111anima op\u0161tine \u010cajetina, turistima, investitorima\u201d.<\/p>\n<p>,,\u00a0Xo\u0107emo jo\u0161 jednom da poka\u017eemo na ovaj na\u010din humorom, satirom, olovkom kako se borimo za svoja prava a ne nekim drugim vidovima borbe. Ako nas budu naterali na to, sigurno \u0107emo krenuti u tom pravcu da do\u0111emo u Beograd, da zatra\u017eimo gra\u0111evinsku dozvolu i da uspostavimo narodnu vlast a ne vlast jednog \u010doveka i jedne politi\u010dke partije\u201d, naglasio je Stamatovi\u0107.<\/p>\n<p>Stamatovi\u0107 se okupljenim gra\u0111anima obratio sa re\u010dima da \u201evi\u0161e ne\u0107emo da dozvolimo da nas potcenjuju, omalova\u017eavaju, da vre\u0111aju inteligenciju zdravih, po\u0161tenih, nadasve vrednih Zlatiboraca, investitora, turista koji dolaze ovde i podr\u017eavaju nas.\u201d<\/p>\n<p>\u201eDa nas neko ne bi pogre\u0161no shvatio,\u00a0mi\u00a0nismo\u00a0protiv na\u0161e dr\u017eave. Ne, mi smo za na\u0161u dr\u017eavu. Ja\u00a0sam \u010dinovnik ove dr\u017eave i radim za svoju dr\u017eavu. Ne\u0107u da radim za vaninstitucionalne horde, paravojne jedinice Srpske napredne stranke, koje su uzurpirale kompletnu vlast i ne\u0107u da se poni\u017eavam,\u00a0da\u00a0molim, da kle\u010dim pred njihovim naprednja\u010dkim institucijama, ve\u0107 ho\u0107u da odem u svoju dr\u017eavu, ministarstva, da me tamo sa\u010deka ono \u0161to je u skladu sa zakonom i predvi\u0111eno i propisano\u201c zaklju\u010dio je Stamatovi\u0107.<\/p>\n<p>Osvrnuv\u0161i se na nedavnu odluku dr\u017eavnih organa\u00a0da podru\u010dje Zlatibora proglase Parkom prirode i time Zlatiborcima uvedu jo\u0161 jedan namet Stamatovi\u0107 je poru\u010dio gra\u0111anima op\u0161tine \u010cajetina da \u201esve ovo ovde \u0161to vidite u ovom prostoru od 647 kvadratnih kilometara je va\u0161e. Ovo je na\u0161e, ovo je na\u0161e dece\u201d.<\/p>\n<p>Direktor JP \u201eGold gondola\u201c\u00a0Bojana\u00a0Bo\u017eani\u0107 je ovim povodom rekla da je op\u0161tina \u010cajetina \u00a0dobila drugu gra\u0111evinsku dozvolu i\u00a0da su\u00a0radovi ve\u0107 u toku na po\u010detnoj stanici gondole.\u00a0\u201eKrenuli smo od kraja. Prvo smo dobili gra\u0111evinsku dozvolu za poslednju stanicu na vrhu Tornika. To smo obele\u017eili kao zvani\u010dni po\u010detak radova ali sada smo hteli simboli\u010dnim ubacivanjem ove prve lopate betona u temelje stuba koji \u0107e biti deo po\u010detne stanice da\u00a0poka\u017eemo da\u00a0\u017eelimo da nastavimo sa tim radovima, da se na\u0161e aktivnosti na izgradnji gondole ne\u0107e zaustaviti ni u jednom trenutku. Ono \u0161to smo zavr\u0161ili do sada to je sve u vezi sa imovinsko-pravnim odnosima. Op\u0161tina \u010cajetina ima re\u0161ene imovinsko-pravne odnose na celoj trasi gondole, me\u0111utim vide\u0107emo da li \u0107e odre\u0111ene pravne zavrzlame, da ih tako nazovem, koje nemaju veze sa op\u0161tinom ve\u0107 isklju\u010divo sa dr\u017eavom biti prepreka da mi to \u0161to imamo kao re\u0161ene imovinsko-pravne odnose, da li \u0107e nam to omogu\u0107iti da i zavr\u0161imo gondolu\u201c zaklju\u010dila je Bo\u017eani\u0107.<\/p>\n<p>Rok za zavr\u0161etak po\u010detne stanice gondole je 11. jun ove godine, istakla je Bo\u017eani\u0107,\u00a0i planiramo da nastavimo radove podizanjem stubova.\u00a0\u201eTo je, da podsetim,36 stubova do vrha Tornika sa me\u0111ustanicom kod Ribni\u010dkog jezera.\u00a0Sasvim sam sugurna da \u0107e projekat gondole Zlatibor zna\u010dajno podi\u0107i na svetskoj turisti\u010dkoj sceni i da \u0107emo veoma brzo dosti\u0107i postavljen cilj da u narednih sedam do deset godina imamo \u00a0milion turista uz 10 miliona no\u0107enja godi\u0161nje\u201c.<\/p>\n<p>Okupljenim gra\u0111anima se obratio i Zoran Kesi\u0107, autor emisije \u201e24 minuta sa Zoranom Kesi\u0107em\u201c, koji je svojim prepoznatljivim, britkim stavom osvrnuo na tok gradnje gondole na Zlatiboru.<\/p>\n<p>&nbsp;<\/p>\n","protected":false},"excerpt":{"rendered":"<p>ZLATIBOR \u2013 \u201ePre godinu dana \u201eZlatiborskom mobom\u201c krenuli smo sa radovima na po\u010detnoj stanici gondole. Simboli\u010dno, na Praznik rada 2018. godine intenzivirali smo te radove &hellip; <\/p>\n","protected":false},"author":4,"featured_media":11953,"comment_status":"open","ping_status":"open","sticky":false,"template":"","format":"standard","meta":{"footnotes":""},"categories":[2875,1524,2,13,887,12],"tags":[2762,2838,1794],"_links":{"self":[{"href":"https:\/\/centralmedia.rs\/index.php\/wp-json\/wp\/v2\/posts\/11952"}],"collection":[{"href":"https:\/\/centralmedia.rs\/index.php\/wp-json\/wp\/v2\/posts"}],"about":[{"href":"https:\/\/centralmedia.rs\/index.php\/wp-json\/wp\/v2\/types\/post"}],"author":[{"embeddable":true,"href":"https:\/\/centralmedia.rs\/index.php\/wp-json\/wp\/v2\/users\/4"}],"replies":[{"embeddable":true,"href":"https:\/\/centralmedia.rs\/index.php\/wp-json\/wp\/v2\/comments?post=11952"}],"version-history":[{"count":1,"href":"https:\/\/centralmedia.rs\/index.php\/wp-json\/wp\/v2\/posts\/11952\/revisions"}],"predecessor-version":[{"id":11955,"href":"https:\/\/centralmedia.rs\/index.php\/wp-json\/wp\/v2\/posts\/11952\/revisions\/11955"}],"wp:featuredmedia":[{"embeddable":true,"href":"https:\/\/centralmedia.rs\/index.php\/wp-json\/wp\/v2\/media\/11953"}],"wp:attachment":[{"href":"https:\/\/centralmedia.rs\/index.php\/wp-json\/wp\/v2\/media?parent=11952"}],"wp:term":[{"taxonomy":"category","embeddable":true,"href":"https:\/\/centralmedia.rs\/index.php\/wp-json\/wp\/v2\/categories?post=11952"},{"taxonomy":"post_tag","embeddable":true,"href":"https:\/\/centralmedia.rs\/index.php\/wp-json\/wp\/v2\/tags?post=11952"}],"curies":[{"name":"wp","href":"https:\/\/api.w.org\/{rel}","templated":true}]}}