{"id":12021,"date":"2018-05-07T12:17:26","date_gmt":"2018-05-07T12:17:26","guid":{"rendered":"http:\/\/centralmedia.rs\/?p=12021"},"modified":"2018-05-07T12:17:26","modified_gmt":"2018-05-07T12:17:26","slug":"ustanova-kulture-cuprija-u-maju-balerine-hor-dar-pozorisne-predstave","status":"publish","type":"post","link":"https:\/\/centralmedia.rs\/index.php\/2018\/05\/07\/ustanova-kulture-cuprija-u-maju-balerine-hor-dar-pozorisne-predstave\/","title":{"rendered":"USTANOVA KULTURE \u0106UPRIJA U MAJU &#8211; BALERINE, HOR DAR I POZORI\u0160NE PREDSTAVE"},"content":{"rendered":"<p>11.05.\/19.00, sala \u0160OMO<\/p>\n<p>BALET : NA VRHOVIMA PRSTIJU<a href=\"https:\/\/centralmedia.rs\/wp-content\/uploads\/2018\/05\/BOB_4199.jpg\"><img loading=\"lazy\" decoding=\"async\" class=\"alignright size-medium wp-image-12022\" src=\"https:\/\/centralmedia.rs\/wp-content\/uploads\/2018\/05\/BOB_4199-300x200.jpg\" alt=\"\" width=\"300\" height=\"200\" srcset=\"https:\/\/centralmedia.rs\/wp-content\/uploads\/2018\/05\/BOB_4199-300x200.jpg 300w, https:\/\/centralmedia.rs\/wp-content\/uploads\/2018\/05\/BOB_4199-768x512.jpg 768w, https:\/\/centralmedia.rs\/wp-content\/uploads\/2018\/05\/BOB_4199-1024x683.jpg 1024w\" sizes=\"(max-width: 300px) 100vw, 300px\" \/><\/a><\/p>\n<p>Baletski studio ,, M\u201c , specijalni gosti &#8211;\u00a0 hor\u00a0\u00a0,, Dar\u201c.<\/p>\n<p>\u010clanice Baletskog studija ,, M \u201c \u0107uprijskoj publici \u0107e se predstaviti prvi put\u00a0izvo\u0111enjem klasi\u010dnog i modernog baleta, pokretima i figurama nau\u010denim u \u0161koli koja postoji 27 godina i\u00a0\u00a0\u010diju \u010detvrtinu\u00a0\u00a0polaznica \u010dine talentovane mlade \u0106upri\u010danke ( 10 \/ 40 ).<\/p>\n<p>Ulaz je slobodan.<\/p>\n<p>23.05.\/20.00, sala \u0160OMO<\/p>\n<p>PREDSTAVA : ,,TE\u0160KO JE RE\u0106I ZBOGOM \u201c<\/p>\n<div id='gallery-1' class='gallery galleryid-12021 gallery-columns-3 gallery-size-full'><figure class='gallery-item'>\n\t\t\t<div class='gallery-icon portrait'>\n\t\t\t\t<a href='https:\/\/centralmedia.rs\/index.php\/2018\/05\/07\/ustanova-kulture-cuprija-u-maju-balerine-hor-dar-pozorisne-predstave\/dsc_1978\/'><img loading=\"lazy\" decoding=\"async\" width=\"801\" height=\"1200\" src=\"https:\/\/centralmedia.rs\/wp-content\/uploads\/2018\/05\/DSC_1978.jpg\" class=\"attachment-full size-full\" alt=\"\" srcset=\"https:\/\/centralmedia.rs\/wp-content\/uploads\/2018\/05\/DSC_1978.jpg 801w, https:\/\/centralmedia.rs\/wp-content\/uploads\/2018\/05\/DSC_1978-200x300.jpg 200w, https:\/\/centralmedia.rs\/wp-content\/uploads\/2018\/05\/DSC_1978-768x1151.jpg 768w, https:\/\/centralmedia.rs\/wp-content\/uploads\/2018\/05\/DSC_1978-684x1024.jpg 684w\" sizes=\"(max-width: 801px) 100vw, 801px\" \/><\/a>\n\t\t\t<\/div><\/figure><figure class='gallery-item'>\n\t\t\t<div class='gallery-icon portrait'>\n\t\t\t\t<a href='https:\/\/centralmedia.rs\/index.php\/2018\/05\/07\/ustanova-kulture-cuprija-u-maju-balerine-hor-dar-pozorisne-predstave\/dsc_1948\/'><img loading=\"lazy\" decoding=\"async\" width=\"801\" height=\"1200\" src=\"https:\/\/centralmedia.rs\/wp-content\/uploads\/2018\/05\/DSC_1948.jpg\" class=\"attachment-full size-full\" alt=\"\" srcset=\"https:\/\/centralmedia.rs\/wp-content\/uploads\/2018\/05\/DSC_1948.jpg 801w, https:\/\/centralmedia.rs\/wp-content\/uploads\/2018\/05\/DSC_1948-200x300.jpg 200w, https:\/\/centralmedia.rs\/wp-content\/uploads\/2018\/05\/DSC_1948-768x1151.jpg 768w, https:\/\/centralmedia.rs\/wp-content\/uploads\/2018\/05\/DSC_1948-684x1024.jpg 684w\" sizes=\"(max-width: 801px) 100vw, 801px\" \/><\/a>\n\t\t\t<\/div><\/figure><figure class='gallery-item'>\n\t\t\t<div class='gallery-icon portrait'>\n\t\t\t\t<a href='https:\/\/centralmedia.rs\/index.php\/2018\/05\/07\/ustanova-kulture-cuprija-u-maju-balerine-hor-dar-pozorisne-predstave\/dsc_1885\/'><img loading=\"lazy\" decoding=\"async\" width=\"801\" height=\"1200\" src=\"https:\/\/centralmedia.rs\/wp-content\/uploads\/2018\/05\/DSC_1885.jpg\" class=\"attachment-full size-full\" alt=\"\" srcset=\"https:\/\/centralmedia.rs\/wp-content\/uploads\/2018\/05\/DSC_1885.jpg 801w, https:\/\/centralmedia.rs\/wp-content\/uploads\/2018\/05\/DSC_1885-200x300.jpg 200w, https:\/\/centralmedia.rs\/wp-content\/uploads\/2018\/05\/DSC_1885-768x1151.jpg 768w, https:\/\/centralmedia.rs\/wp-content\/uploads\/2018\/05\/DSC_1885-684x1024.jpg 684w\" sizes=\"(max-width: 801px) 100vw, 801px\" \/><\/a>\n\t\t\t<\/div><\/figure>\n\t\t<\/div>\n\n<p>Igraju: Nata\u0161a Vukas, Ivan Mihailovi\u0107 i Dragana Dabovi\u0107.<\/p>\n<p>Karte po ceni od 350 dinara u prodaji od 21. maja (13-16 i 17-19 sati).<\/p>\n<p>Predstava\u00a0\u00a0putuju\u0107eg pozori\u0161ta ,, Teatar Vihor\u201c ,, Te\u0161ko je re\u0107i zbogom&#8221; govori o mladom bra\u010dnom paru , koji se bori sa odlukama, u dana\u0161njem materijalnom vremenu &#8211; da li je vreme za za\u010detak porodice, ili ne. Publika \u0107e imati priliku da kroz komi\u010dne dijaloge\u00a0\u00a0i interesantne zaplete\u00a0\u00a0prepozna sebe u pojedinim situacijama .<\/p>\n<p>U me\u0111uvremenu, od 14. do 18. maja bi\u0107e odr\u017ean drugi Festival glume &#8211; De\u010dija scena , \u010diji su u\u010desnici u\u010denici ni\u017eih razreda \u0107uprijskih osnovnih \u0161kola , kao i deca PU ,, De\u010dija radost &#8220;. Na programu je osam predstava.<\/p>\n<p>&nbsp;<\/p>\n","protected":false},"excerpt":{"rendered":"<p>11.05.\/19.00, sala \u0160OMO BALET : NA VRHOVIMA PRSTIJU Baletski studio ,, M\u201c , specijalni gosti &#8211;\u00a0 hor\u00a0\u00a0,, Dar\u201c. \u010clanice Baletskog studija ,, M \u201c \u0107uprijskoj &hellip; <\/p>\n","protected":false},"author":4,"featured_media":12024,"comment_status":"open","ping_status":"open","sticky":false,"template":"","format":"standard","meta":{"footnotes":""},"categories":[1515,1524,2,15,887,12],"tags":[44,1885],"_links":{"self":[{"href":"https:\/\/centralmedia.rs\/index.php\/wp-json\/wp\/v2\/posts\/12021"}],"collection":[{"href":"https:\/\/centralmedia.rs\/index.php\/wp-json\/wp\/v2\/posts"}],"about":[{"href":"https:\/\/centralmedia.rs\/index.php\/wp-json\/wp\/v2\/types\/post"}],"author":[{"embeddable":true,"href":"https:\/\/centralmedia.rs\/index.php\/wp-json\/wp\/v2\/users\/4"}],"replies":[{"embeddable":true,"href":"https:\/\/centralmedia.rs\/index.php\/wp-json\/wp\/v2\/comments?post=12021"}],"version-history":[{"count":1,"href":"https:\/\/centralmedia.rs\/index.php\/wp-json\/wp\/v2\/posts\/12021\/revisions"}],"predecessor-version":[{"id":12028,"href":"https:\/\/centralmedia.rs\/index.php\/wp-json\/wp\/v2\/posts\/12021\/revisions\/12028"}],"wp:featuredmedia":[{"embeddable":true,"href":"https:\/\/centralmedia.rs\/index.php\/wp-json\/wp\/v2\/media\/12024"}],"wp:attachment":[{"href":"https:\/\/centralmedia.rs\/index.php\/wp-json\/wp\/v2\/media?parent=12021"}],"wp:term":[{"taxonomy":"category","embeddable":true,"href":"https:\/\/centralmedia.rs\/index.php\/wp-json\/wp\/v2\/categories?post=12021"},{"taxonomy":"post_tag","embeddable":true,"href":"https:\/\/centralmedia.rs\/index.php\/wp-json\/wp\/v2\/tags?post=12021"}],"curies":[{"name":"wp","href":"https:\/\/api.w.org\/{rel}","templated":true}]}}