{"id":12029,"date":"2018-05-07T17:29:04","date_gmt":"2018-05-07T17:29:04","guid":{"rendered":"http:\/\/centralmedia.rs\/?p=12029"},"modified":"2018-05-07T17:39:39","modified_gmt":"2018-05-07T17:39:39","slug":"moladavac-hteo-da-vidi-oca-poslednji-put-vozio-228-km-h-zavrsio-30-dana-u-cuprijskom-zatvoru","status":"publish","type":"post","link":"https:\/\/centralmedia.rs\/index.php\/2018\/05\/07\/moladavac-hteo-da-vidi-oca-poslednji-put-vozio-228-km-h-zavrsio-30-dana-u-cuprijskom-zatvoru\/","title":{"rendered":"MOLDAVAC HTEO DA VIDI OCA POSLEDNJI PUT &#8211; VOZIO 228 KM\/H I ZAVR\u0160IO 30 DANA U \u0106UPRIJSKOM ZATVORU"},"content":{"rendered":"<p>JAGODINA- Moldavski dr\u017eavljanin Genadij Gajdar (41) zbog nasilni\u010dke vo\u017enje na autoputu do 228 km\/h\u00a0 prove\u0161\u0107e narednih 30 dana u KPZ u \u0106upriji. Njega je u automobilu audi A 6 u nedelju zaustavio presreta\u010d MUP Srbija kod Jagodine u smeru prema Ni\u0161u. Sproveden je do Prekr\u0161ajnog sud gde su mu predo\u010deni dokazi i po skra\u0107enom postupku odre\u0111ena mera zatvora zbog ,,divljanja&#8221; po autoputu u skladu sa novim zakonskim re\u0161enjima koja su stupla na snagu 3. aprila ove godine. On je prekora\u010dio dozvoljenu brzinu za 108 km\/h. \u00a0Moldavac ima pravo \u017ealbe, ali je presuda izvr\u0161na pre pravosna\u017enosti jer postoji mogu\u0107nost da lice napusti Srbiju i osujeti izvr\u0161enje kazne.<\/p>\n<p>-Priznao je delo, svestan je u\u010dinjenog prestupa, rekao je da je \u017eurio u Moladaviju jer mu je otac na samrti, ali tu \u010dinjenicu nije mogao da doka\u017ee. Po novom zakonu ne postoji mogu\u0107nost zamene nov\u010danom. Imao je profesionalnog prevodioca, sam se branio, nije hteo branioca po slu\u017ebenoj du\u017enosti. Bio je sa bratom u automobilu i on je preuzeo vozilo, ka\u017ee izvor koji upoznat sa ovim slu\u010dajem.<\/p>\n<p>Za delo nasilni\u010dka vo\u017enja propisana je kazna do 30 do 60 dana zatvora nez mogu\u0107nsoti zamene nov\u010danom kaznom.<\/p>\n","protected":false},"excerpt":{"rendered":"<p>JAGODINA- Moldavski dr\u017eavljanin Genadij Gajdar (41) zbog nasilni\u010dke vo\u017enje na autoputu do 228 km\/h\u00a0 prove\u0161\u0107e narednih 30 dana u KPZ u \u0106upriji. Njega je u &hellip; <\/p>\n","protected":false},"author":4,"featured_media":11758,"comment_status":"open","ping_status":"open","sticky":false,"template":"","format":"standard","meta":{"footnotes":""},"categories":[1524,20,2,1514],"tags":[360,58,2849],"_links":{"self":[{"href":"https:\/\/centralmedia.rs\/index.php\/wp-json\/wp\/v2\/posts\/12029"}],"collection":[{"href":"https:\/\/centralmedia.rs\/index.php\/wp-json\/wp\/v2\/posts"}],"about":[{"href":"https:\/\/centralmedia.rs\/index.php\/wp-json\/wp\/v2\/types\/post"}],"author":[{"embeddable":true,"href":"https:\/\/centralmedia.rs\/index.php\/wp-json\/wp\/v2\/users\/4"}],"replies":[{"embeddable":true,"href":"https:\/\/centralmedia.rs\/index.php\/wp-json\/wp\/v2\/comments?post=12029"}],"version-history":[{"count":3,"href":"https:\/\/centralmedia.rs\/index.php\/wp-json\/wp\/v2\/posts\/12029\/revisions"}],"predecessor-version":[{"id":12032,"href":"https:\/\/centralmedia.rs\/index.php\/wp-json\/wp\/v2\/posts\/12029\/revisions\/12032"}],"wp:featuredmedia":[{"embeddable":true,"href":"https:\/\/centralmedia.rs\/index.php\/wp-json\/wp\/v2\/media\/11758"}],"wp:attachment":[{"href":"https:\/\/centralmedia.rs\/index.php\/wp-json\/wp\/v2\/media?parent=12029"}],"wp:term":[{"taxonomy":"category","embeddable":true,"href":"https:\/\/centralmedia.rs\/index.php\/wp-json\/wp\/v2\/categories?post=12029"},{"taxonomy":"post_tag","embeddable":true,"href":"https:\/\/centralmedia.rs\/index.php\/wp-json\/wp\/v2\/tags?post=12029"}],"curies":[{"name":"wp","href":"https:\/\/api.w.org\/{rel}","templated":true}]}}