{"id":12051,"date":"2018-05-10T11:42:51","date_gmt":"2018-05-10T11:42:51","guid":{"rendered":"http:\/\/centralmedia.rs\/?p=12051"},"modified":"2018-05-10T11:42:51","modified_gmt":"2018-05-10T11:42:51","slug":"dani-gljiva-cuprija-2018","status":"publish","type":"post","link":"https:\/\/centralmedia.rs\/index.php\/2018\/05\/10\/dani-gljiva-cuprija-2018\/","title":{"rendered":"DANI GLJIVA \u0106UPRIJA 2018."},"content":{"rendered":"<p>\u0106UPRIJA- Udru\u017eenje gljivara i ljubitelja prirode \u201e GORUN\u201c iz \u0106uprije orgnizuje 3. Me\u0111unarodni dani gljiva \u0106uprija 2018. Ve\u0107i deo manifestacije bi\u0107e odr\u017ean na imanju konji\u010dkog kluba \u201eNebesko Brdo\u201c u ataru sela Paljana, gde \u0107e se okupiti veliki broj u\u010desnika i u\u010denika osnovnih i srednjih \u0161kola sa teritorije op\u0161tine \u0106uprija. U sklopu subotnjeg dana 26. maja bi\u0107e odr\u017eana radionica pod nazivom\u201c Mala \u0161kola gljivarstva\u201c za najmla\u0111e posetioce i organizovan odlazak na terene zbog prikupljanja eksponata za izlo\u017ebu gljiva.\u00a0 Dok \u0107e\u00a0 izlo\u017eba gljiva biti odr\u017eati u Moravskom parku u nedelju 27. maja u 12 \u010dasova. O\u010dekuje se poseta preko deset udru\u017eenja Mikolo\u0161ko-gljivarskog saveza Srbije, Gljivarsko dru\u0161tvo iz Umaga, Hrvatska i Mikolo\u0161ko dru\u0161tvo iz Beograda. Postavku izlo\u017ebe u \u0106upriji vodi\u0107e kandidat za determinatora Du\u0161an Vu\u010di\u0107 iz GD Ni\u0161.<\/p>\n<p>Udru\u017eenje gljivara i ljubitelja prirode \u201eGORUN\u201c je ekolo\u0161ko udru\u017eenje koje se prvenstveno bavi prou\u010davanjem i za\u0161titom samoniklih gljiva, ali i istra\u017eivanjem i prou\u010davanjem lekovitog i drugog bilja, \u0161umskog vo\u0107a, ptica, i ostalog bogatstva kojom obiluje priroda na\u0161ih krajeva. Udru\u017eenje je osnovano 2014. godine radi promovisanja ekolo\u0161kih, privrednih, humanitarnih, edukativnih i nau\u010dnih interesa.<\/p>\n<p>&nbsp;<\/p>\n<p>&nbsp;<\/p>\n<p>&nbsp;<\/p>\n","protected":false},"excerpt":{"rendered":"<p>\u0106UPRIJA- Udru\u017eenje gljivara i ljubitelja prirode \u201e GORUN\u201c iz \u0106uprije orgnizuje 3. Me\u0111unarodni dani gljiva \u0106uprija 2018. Ve\u0107i deo manifestacije bi\u0107e odr\u017ean na imanju konji\u010dkog &hellip; <\/p>\n","protected":false},"author":4,"featured_media":12052,"comment_status":"open","ping_status":"open","sticky":false,"template":"","format":"standard","meta":{"footnotes":""},"categories":[1515,1524,2,887,16,12],"tags":[44,2854,2855],"_links":{"self":[{"href":"https:\/\/centralmedia.rs\/index.php\/wp-json\/wp\/v2\/posts\/12051"}],"collection":[{"href":"https:\/\/centralmedia.rs\/index.php\/wp-json\/wp\/v2\/posts"}],"about":[{"href":"https:\/\/centralmedia.rs\/index.php\/wp-json\/wp\/v2\/types\/post"}],"author":[{"embeddable":true,"href":"https:\/\/centralmedia.rs\/index.php\/wp-json\/wp\/v2\/users\/4"}],"replies":[{"embeddable":true,"href":"https:\/\/centralmedia.rs\/index.php\/wp-json\/wp\/v2\/comments?post=12051"}],"version-history":[{"count":1,"href":"https:\/\/centralmedia.rs\/index.php\/wp-json\/wp\/v2\/posts\/12051\/revisions"}],"predecessor-version":[{"id":12053,"href":"https:\/\/centralmedia.rs\/index.php\/wp-json\/wp\/v2\/posts\/12051\/revisions\/12053"}],"wp:featuredmedia":[{"embeddable":true,"href":"https:\/\/centralmedia.rs\/index.php\/wp-json\/wp\/v2\/media\/12052"}],"wp:attachment":[{"href":"https:\/\/centralmedia.rs\/index.php\/wp-json\/wp\/v2\/media?parent=12051"}],"wp:term":[{"taxonomy":"category","embeddable":true,"href":"https:\/\/centralmedia.rs\/index.php\/wp-json\/wp\/v2\/categories?post=12051"},{"taxonomy":"post_tag","embeddable":true,"href":"https:\/\/centralmedia.rs\/index.php\/wp-json\/wp\/v2\/tags?post=12051"}],"curies":[{"name":"wp","href":"https:\/\/api.w.org\/{rel}","templated":true}]}}