{"id":12063,"date":"2018-05-10T12:10:37","date_gmt":"2018-05-10T12:10:37","guid":{"rendered":"http:\/\/centralmedia.rs\/?p=12063"},"modified":"2018-05-10T12:10:37","modified_gmt":"2018-05-10T12:10:37","slug":"formirana-jedinica-civilne-zastite-u-paracinu","status":"publish","type":"post","link":"https:\/\/centralmedia.rs\/index.php\/2018\/05\/10\/formirana-jedinica-civilne-zastite-u-paracinu\/","title":{"rendered":"FORMIRANA JEDINICA CIVILNE ZA\u0160TITE U PARA\u0106INU"},"content":{"rendered":"<p>PARA\u0106IN- U cilju podizanja kapaciteta delovanja u vanrednim situacijama, Op\u0161tina Para\u0107in je formirala Jedinicu civilne za\u0161tite op\u0161te namene, koja je odr\u017eala i prvu ve\u017ebu ispred zgrade Op\u0161tinske uprave. Prema op\u0161tinskom planu Prva jednica civilne za\u0161tite je potpuno opremljena, a plan je da se svi pripadnici civilne za\u0161tite opreme uniformama, zatim i da sve jedinice budu opremljene sredstvima veze i drugom potrebnom opremom, kako bi mogle da ispune najva\u017eniji zadatak civilne za\u0161tite, a to je je briga o gra\u0111anima, u slu\u010daju elemantarne nepogode ili neke druge nesre\u0107e.<\/p>\n","protected":false},"excerpt":{"rendered":"<p>PARA\u0106IN- U cilju podizanja kapaciteta delovanja u vanrednim situacijama, Op\u0161tina Para\u0107in je formirala Jedinicu civilne za\u0161tite op\u0161te namene, koja je odr\u017eala i prvu ve\u017ebu ispred &hellip; <\/p>\n","protected":false},"author":4,"featured_media":12064,"comment_status":"open","ping_status":"open","sticky":false,"template":"","format":"standard","meta":{"footnotes":""},"categories":[14,1524,2,1516,887,12],"tags":[2395,156],"_links":{"self":[{"href":"https:\/\/centralmedia.rs\/index.php\/wp-json\/wp\/v2\/posts\/12063"}],"collection":[{"href":"https:\/\/centralmedia.rs\/index.php\/wp-json\/wp\/v2\/posts"}],"about":[{"href":"https:\/\/centralmedia.rs\/index.php\/wp-json\/wp\/v2\/types\/post"}],"author":[{"embeddable":true,"href":"https:\/\/centralmedia.rs\/index.php\/wp-json\/wp\/v2\/users\/4"}],"replies":[{"embeddable":true,"href":"https:\/\/centralmedia.rs\/index.php\/wp-json\/wp\/v2\/comments?post=12063"}],"version-history":[{"count":1,"href":"https:\/\/centralmedia.rs\/index.php\/wp-json\/wp\/v2\/posts\/12063\/revisions"}],"predecessor-version":[{"id":12065,"href":"https:\/\/centralmedia.rs\/index.php\/wp-json\/wp\/v2\/posts\/12063\/revisions\/12065"}],"wp:featuredmedia":[{"embeddable":true,"href":"https:\/\/centralmedia.rs\/index.php\/wp-json\/wp\/v2\/media\/12064"}],"wp:attachment":[{"href":"https:\/\/centralmedia.rs\/index.php\/wp-json\/wp\/v2\/media?parent=12063"}],"wp:term":[{"taxonomy":"category","embeddable":true,"href":"https:\/\/centralmedia.rs\/index.php\/wp-json\/wp\/v2\/categories?post=12063"},{"taxonomy":"post_tag","embeddable":true,"href":"https:\/\/centralmedia.rs\/index.php\/wp-json\/wp\/v2\/tags?post=12063"}],"curies":[{"name":"wp","href":"https:\/\/api.w.org\/{rel}","templated":true}]}}