{"id":12066,"date":"2018-05-10T12:26:03","date_gmt":"2018-05-10T12:26:03","guid":{"rendered":"http:\/\/centralmedia.rs\/?p=12066"},"modified":"2018-05-10T12:29:28","modified_gmt":"2018-05-10T12:29:28","slug":"muzej-naivne-marginalne-umetnosti-institucija-godine-u-2017","status":"publish","type":"post","link":"https:\/\/centralmedia.rs\/index.php\/2018\/05\/10\/muzej-naivne-marginalne-umetnosti-institucija-godine-u-2017\/","title":{"rendered":"MUZEJ NAIVNE I MARGINALNE UMETNOSTI &#8211; INSTITUCIJA GODINE U 2017."},"content":{"rendered":"<p>BEOGRAD- Nacionalni komitet Me\u0111unarodnog saveta muzeja (ICOM) Srbije, dodelio je na sve\u010danoj skup\u0161tini u Ku\u0107i kralja Petra I u Beogradu, tradicionalne godi\u0161nje nagrade za najbolje rezultate u okviru me\u0111unarodne muzejske saradnje za 2017. godinu. NK ICOM Srbija, jeadn od osniva\u010da najve\u0107e me\u0111unarodne muzejske asocijacije na svetu, dodelio je nagrade za posebne rezultate u me\u0111unarodnoj muzejskoj saradnji za ustanovu 2017. godine Muzeju naivne i marginalne umetnosti iz Jagodine, za projekat godine Galeriji matice srpske i za publikaciju godine Muzeju grada Beograda.<a href=\"https:\/\/centralmedia.rs\/wp-content\/uploads\/2018\/05\/uspeh.jpg\"><img loading=\"lazy\" decoding=\"async\" class=\"alignleft size-medium wp-image-12071\" src=\"https:\/\/centralmedia.rs\/wp-content\/uploads\/2018\/05\/uspeh-300x200.jpg\" alt=\"\" width=\"300\" height=\"200\" srcset=\"https:\/\/centralmedia.rs\/wp-content\/uploads\/2018\/05\/uspeh-300x200.jpg 300w, https:\/\/centralmedia.rs\/wp-content\/uploads\/2018\/05\/uspeh-768x512.jpg 768w, https:\/\/centralmedia.rs\/wp-content\/uploads\/2018\/05\/uspeh-1024x683.jpg 1024w, https:\/\/centralmedia.rs\/wp-content\/uploads\/2018\/05\/uspeh.jpg 2048w\" sizes=\"(max-width: 300px) 100vw, 300px\" \/><\/a><\/p>\n<p>Muzej naivne i marginalne umetnosti iz Jagodine je nagra\u0111en za izuzetnu me\u0111unarodnu aktivnost u protekloj godini, koja uklju\u010duje izlo\u017ebe u Pragu (\u201eIz dva ugla\u201c, Muzeju Karlovog mosta) i Parizu (\u201eTurbulences dans les Balkalns \u2013 Balkanske turbulencije\u201c, Halle Saint Pierre), organizaciju preko 20 umetni\u010dkih programa u zemlji i inostranstvu, akviziciju 116 dela umetnika iz \u010dak 10 zemalja sveta i vanrednu izdava\u010dku delatnost, koja obuhvata \u010ditavu lepezu izdanja na vi\u0161e svetskih jezika. Poseban akcenat u gotovo nestvarnoj me\u0111unarodnoj aktivnosti Muzeja naivne i marginalne umetnosti, predvo\u0111enog direktorkom Ninom Krsti\u0107, predstavlja saradnja sa kolegama iz Indije u okviru projekta Rok Garden \u010candigar, koji nije samo prikazao indijsko stvarala\u0161tvo srpskoj publici, ve\u0107 je obezbedio da se u kolekciji jednog doma\u0107eg muzeja na\u0111u neka od najreprezentativnijih dela sa drugog kontinenta.<\/p>\n<p>\u201eOni su me fascinirali svojom energijom, velikim entuzijazmom da se na\u0161e dve kulture bolje upoznaju, i ja nemam dovoljno re\u010di da iska\u017eem svoju radost zbog \u010dinjenice da smo ovaj projekat realizovali zajedni\u010dkim snagama\u201c, rekla je danas njena ekselencija, gospo\u0111a Narinder \u010cauhan, ambasador Indije u Srbiji.<\/p>\n<p>Nagradu za projekat 2017. dobila je Galerija Matic srpske iz Novog Sada za projekat \u201eOble\u017eavanje jubileja 170 godina Matice srpske\u201c, koji predstavlja kompleksan zbir aktivnosti velike dinamike i izuzetne sadr\u017eajnosti. Pored \u010ditavog niza izlo\u017ebi, tematskih programa, publikacija, medijskih aktivnosti, me\u0111unarodnih projekata i seminara, vizionarski tim Galerije Matice srpske je uspeo da dovr\u0161i i renoviranje zgrade galerije, te na sve\u010danom otvaranju naj\u0161iroj publici poka\u017ee i obnovljen objekat, ali i novi izlaga\u010dki koncept. Galerija Matice srpske je ve\u0107 neko vreme lider kada je re\u010d o inovativnim pristupima muzeologiji, a u ovu godinu je u\u0161la sa \u010dak 83 nova dela, poklonom kompanije Tarkett, te novom stalnom postavkom 20. veka \u201eModernizmi: kontinuiteti i su\u010deljavanja\u201c, autorke dr Lidije Merenik, profesorke Filozofskog fakulteta, Univerzitet u Beogradu.<\/p>\n<p>\u201eMi nismo grupa pojedinaca, mi smo tim sa zajedni\u010dkom vizijom i to je tajna na\u0161eg uspeha,\u201c rekla je danas dr Tijana Palkovljevi\u0107 Bugarski, upravnica Galerije Matice srpske, primaju\u0107i nagradu u ime ovog neumornog kolektiva.<\/p>\n<p>Nagrada za publikaciju godine pripala je Muzeju grada Beograda, odnosno nau\u010dnoj monografiji \u201eIdentiteti i mediji \u2013 umetnost Anastasa Jovanovi\u0107a i njegovo doba\u201c, koju uredni\u010dki potpisuju msr Danijela Vanu\u0161i\u0107 i dr Igor Borozan, a koja sadr\u017ei 18 nau\u010dnih radova me\u0111unarodnog autorskog tima. U \u017eelji da osvetle evropsku dimenziju umetni\u010dkog i kulturnog anga\u017emana Anastasa Jovanovi\u0107a, urednici ovog reprezentativnog izdanja su okupili multidisciplinarni tim stru\u010dnjaka i omogu\u0107ili nove uvide u aktivnosti ne samo jedne zna\u010dajne, kreativne li\u010dnosti ve\u0107 i jedne epohe u kojoj je ona delala.<\/p>\n<p>Komitet istovremeno izra\u017eava i radost zbog rekordnog broja kandidata za nagrade ove godine, ali i \u017ealjenje zbog \u010dinjenice da nije dodeljena nagrada za muzejskog profesionalca 2017. Naime, klju\u010dni kriterijum za dodelu nagrade je zna\u010dajan doprinos u me\u0111unarodnoj saradnji i promociji kulturnog nasle\u0111a Srbije u inostranstvu, a kandidati u konkurenciji za muzejskog profesionalca i pored nesporno kvalitetnog anga\u017emana nisu ispunili ba\u0161 taj uslov \u2013 me\u0111unarodne aktivnosti.<\/p>\n<p>Komitet je, a prema odluci Komisije za nagrade ICOM Srbija, u sastavu dr Jelena Banjac (predsednik), dr Bojana Bogdanovi\u0107 i Daniela Milinkovi\u0107, dodelio zahvalnice pojedincima i ustanovama koje aktivno rade na afirmaciji muzejske delatnosti. Ove godine su to: Suzana Spasi\u0107 i Avant Art magazin, Sofija Ljukov\u010dan, urednik i autor u umetni\u010dkom programu RTV Vojvodine, Mladena Zeljkovi\u0107, donatorka i dobrotvorka Spomen-zbirke Pavla Beljanskog, Nada Zori\u0107, Sandra Vuksan, Sonja Mitrovi\u0107, Jelena Joki\u0107 &#8211; urednice emisije Radio televizije Vojvodine Art-erija, Vesna Ma\u0161alovi\u0107 i Udru\u017eenje novinara Srbije.<\/p>\n<p>Kako NK ICOM Srbija od osnivanja manifestacije \u201eMuzeji Srbije, deset dana od 10 do 10\u201c 2015. pru\u017ea punu podr\u0161ku ovom najve\u0107em muzejskom projektu u zemlji, danas su u prekrasnom ambijentu Muzeja Ku\u0107e kralja Petra I u Top\u010dideru, dodeljena i priznanja \u201eMuzeji za 10\u201c za proteklu godinu. Tako je Slavko Spasi\u0107, predsednik NK ICOM Srbija, ovo presti\u017eno priznanje uru\u010dio kolegama iz Zavi\u010dajnog muzeja u Para\u0107inu, Istorijskog muzeja Srbije, Narodnog muzeja Kraljevo, Narodnog muzeja Pan\u010devo, Spomen-zbirke Pavla Beljanskog iz Novog Sada i Centra za kulturu, obrazovanje i informisanje \u201eGradac\u201c iz Ra\u0161ke.<\/p>\n<p>Sve\u010danoj skup\u0161tini NK ICOM Srbija su danas prisustvovali, direktor Francuskog instituta u Srbiji, \u017dan-Batist Kizen, direktor Italijanskog instituta za kulturu, Davide Skalmeni i Paola Kordone, italijanski ata\u0161e za kulturu.<\/p>\n<p>Tekst : ICOM Srbija<\/p>\n<p>Fotografije : Vuk Nenezi\u0107<\/p>\n","protected":false},"excerpt":{"rendered":"<p>BEOGRAD- Nacionalni komitet Me\u0111unarodnog saveta muzeja (ICOM) Srbije, dodelio je na sve\u010danoj skup\u0161tini u Ku\u0107i kralja Petra I u Beogradu, tradicionalne godi\u0161nje nagrade za najbolje &hellip; <\/p>\n","protected":false},"author":4,"featured_media":12069,"comment_status":"open","ping_status":"open","sticky":false,"template":"","format":"standard","meta":{"footnotes":""},"categories":[1524,2,1514,15,12],"tags":[58,1796],"_links":{"self":[{"href":"https:\/\/centralmedia.rs\/index.php\/wp-json\/wp\/v2\/posts\/12066"}],"collection":[{"href":"https:\/\/centralmedia.rs\/index.php\/wp-json\/wp\/v2\/posts"}],"about":[{"href":"https:\/\/centralmedia.rs\/index.php\/wp-json\/wp\/v2\/types\/post"}],"author":[{"embeddable":true,"href":"https:\/\/centralmedia.rs\/index.php\/wp-json\/wp\/v2\/users\/4"}],"replies":[{"embeddable":true,"href":"https:\/\/centralmedia.rs\/index.php\/wp-json\/wp\/v2\/comments?post=12066"}],"version-history":[{"count":3,"href":"https:\/\/centralmedia.rs\/index.php\/wp-json\/wp\/v2\/posts\/12066\/revisions"}],"predecessor-version":[{"id":12072,"href":"https:\/\/centralmedia.rs\/index.php\/wp-json\/wp\/v2\/posts\/12066\/revisions\/12072"}],"wp:featuredmedia":[{"embeddable":true,"href":"https:\/\/centralmedia.rs\/index.php\/wp-json\/wp\/v2\/media\/12069"}],"wp:attachment":[{"href":"https:\/\/centralmedia.rs\/index.php\/wp-json\/wp\/v2\/media?parent=12066"}],"wp:term":[{"taxonomy":"category","embeddable":true,"href":"https:\/\/centralmedia.rs\/index.php\/wp-json\/wp\/v2\/categories?post=12066"},{"taxonomy":"post_tag","embeddable":true,"href":"https:\/\/centralmedia.rs\/index.php\/wp-json\/wp\/v2\/tags?post=12066"}],"curies":[{"name":"wp","href":"https:\/\/api.w.org\/{rel}","templated":true}]}}