{"id":12074,"date":"2018-05-10T12:51:54","date_gmt":"2018-05-10T12:51:54","guid":{"rendered":"http:\/\/centralmedia.rs\/?p=12074"},"modified":"2018-05-10T12:51:54","modified_gmt":"2018-05-10T12:51:54","slug":"svilajnacki-prirodnjacki-centar-predstavlja-srbiju-u-ljubljani","status":"publish","type":"post","link":"https:\/\/centralmedia.rs\/index.php\/2018\/05\/10\/svilajnacki-prirodnjacki-centar-predstavlja-srbiju-u-ljubljani\/","title":{"rendered":"SVILAJNA\u010cKI PRIRODNJA\u010cKI CENTAR PREDSTAVLJA SRBIJU U LJUBLJANI"},"content":{"rendered":"<p>SVILAJNAC-\u00a0 Prirodnja\u010dki centar iz Svilajnca 13. maja predstavlja\u0107e Srbiju u Ljubljani na turisti\u010dkoj manifestaciji ,,Porodi\u010dni dan&#8221;. Manifestaciju organizuje Turisti\u010dki savez Slovenije.<a href=\"https:\/\/centralmedia.rs\/wp-content\/uploads\/2016\/08\/prirodnjacki-centar-leto-.jpg\"><img loading=\"lazy\" decoding=\"async\" class=\"alignleft size-medium wp-image-4228\" src=\"https:\/\/centralmedia.rs\/wp-content\/uploads\/2016\/08\/prirodnjacki-centar-leto--169x300.jpg\" alt=\"\" width=\"169\" height=\"300\" srcset=\"https:\/\/centralmedia.rs\/wp-content\/uploads\/2016\/08\/prirodnjacki-centar-leto--169x300.jpg 169w, https:\/\/centralmedia.rs\/wp-content\/uploads\/2016\/08\/prirodnjacki-centar-leto--576x1024.jpg 576w, https:\/\/centralmedia.rs\/wp-content\/uploads\/2016\/08\/prirodnjacki-centar-leto-.jpg 600w\" sizes=\"(max-width: 169px) 100vw, 169px\" \/><\/a><\/p>\n<p>-Turisti\u010dki savez Srbije je izabrao Prirodnja\u010dki centar da prika\u017ee svoje sadr\u017eaje na manifstaciji u Sloveniji. To je nama \u0161psena \u010dast, kazala je direktorka prof dr Sanja \u0110ur\u0111evi\u0107.<\/p>\n<p>Prirodnja\u010dki centar Srbije Svilajnac u\u010de\u0161\u0107em u manifestaciji &#8220;Muzeji za 10&#8221;, kao i obele\u017eavanjem Me\u0111unarodnog dana muzeja i Evropske no\u0107i muzeja postaje deo porodice najzna\u010dajnih svetskih muzeja. Internet stranica se nalazi na sajtu Muzeji sveta (Museums of the world), koji je najve\u0107a internet baza vode\u0107ih muzeja u svetu.<\/p>\n","protected":false},"excerpt":{"rendered":"<p>SVILAJNAC-\u00a0 Prirodnja\u010dki centar iz Svilajnca 13. maja predstavlja\u0107e Srbiju u Ljubljani na turisti\u010dkoj manifestaciji ,,Porodi\u010dni dan&#8221;. Manifestaciju organizuje Turisti\u010dki savez Slovenije. -Turisti\u010dki savez Srbije je &hellip; <\/p>\n","protected":false},"author":4,"featured_media":3570,"comment_status":"open","ping_status":"open","sticky":false,"template":"","format":"standard","meta":{"footnotes":""},"categories":[1524,2,15,887,12,1517],"tags":[2859,288,38],"_links":{"self":[{"href":"https:\/\/centralmedia.rs\/index.php\/wp-json\/wp\/v2\/posts\/12074"}],"collection":[{"href":"https:\/\/centralmedia.rs\/index.php\/wp-json\/wp\/v2\/posts"}],"about":[{"href":"https:\/\/centralmedia.rs\/index.php\/wp-json\/wp\/v2\/types\/post"}],"author":[{"embeddable":true,"href":"https:\/\/centralmedia.rs\/index.php\/wp-json\/wp\/v2\/users\/4"}],"replies":[{"embeddable":true,"href":"https:\/\/centralmedia.rs\/index.php\/wp-json\/wp\/v2\/comments?post=12074"}],"version-history":[{"count":1,"href":"https:\/\/centralmedia.rs\/index.php\/wp-json\/wp\/v2\/posts\/12074\/revisions"}],"predecessor-version":[{"id":12075,"href":"https:\/\/centralmedia.rs\/index.php\/wp-json\/wp\/v2\/posts\/12074\/revisions\/12075"}],"wp:featuredmedia":[{"embeddable":true,"href":"https:\/\/centralmedia.rs\/index.php\/wp-json\/wp\/v2\/media\/3570"}],"wp:attachment":[{"href":"https:\/\/centralmedia.rs\/index.php\/wp-json\/wp\/v2\/media?parent=12074"}],"wp:term":[{"taxonomy":"category","embeddable":true,"href":"https:\/\/centralmedia.rs\/index.php\/wp-json\/wp\/v2\/categories?post=12074"},{"taxonomy":"post_tag","embeddable":true,"href":"https:\/\/centralmedia.rs\/index.php\/wp-json\/wp\/v2\/tags?post=12074"}],"curies":[{"name":"wp","href":"https:\/\/api.w.org\/{rel}","templated":true}]}}