{"id":12084,"date":"2018-05-11T15:19:58","date_gmt":"2018-05-11T15:19:58","guid":{"rendered":"http:\/\/centralmedia.rs\/?p=12084"},"modified":"2018-05-11T15:19:58","modified_gmt":"2018-05-11T15:19:58","slug":"nagrada-paracinskom-muzeju","status":"publish","type":"post","link":"https:\/\/centralmedia.rs\/index.php\/2018\/05\/11\/nagrada-paracinskom-muzeju\/","title":{"rendered":"NAGRADA PARA\u0106INSKOM MUZEJU"},"content":{"rendered":"<p>PARA\u0106IN- Zavi\u010dajni muzej u Para\u0107inu dobitnik je nagrade &#8220;Muzej za 10&#8221; Nacionalnog komiteta ICOM i organizacionog odbora manifestacije &#8220;Muzeji Srbije 10 dana od 10 do 10&#8221;. Sve\u010danost uru\u010denja nagrade odr\u017eana je u Ku\u0107i kralja Petra u Beogradu, gde je odr\u017eana sve\u010dana Skup\u0161tina Nacionalnog komiteta ICOM Srbija. Nagradu su dobili muzeji iz Pan\u010deva, Kraljeva, Ra\u0161ke, Istorijski muzej Srbije i Spomen-zbirka Pavla Beljanskog.<\/p>\n","protected":false},"excerpt":{"rendered":"<p>PARA\u0106IN- Zavi\u010dajni muzej u Para\u0107inu dobitnik je nagrade &#8220;Muzej za 10&#8221; Nacionalnog komiteta ICOM i organizacionog odbora manifestacije &#8220;Muzeji Srbije 10 dana od 10 do &hellip; <\/p>\n","protected":false},"author":4,"featured_media":12085,"comment_status":"open","ping_status":"open","sticky":false,"template":"","format":"standard","meta":{"footnotes":""},"categories":[1524,2,15,1516,887,12],"tags":[2865,799,2864],"_links":{"self":[{"href":"https:\/\/centralmedia.rs\/index.php\/wp-json\/wp\/v2\/posts\/12084"}],"collection":[{"href":"https:\/\/centralmedia.rs\/index.php\/wp-json\/wp\/v2\/posts"}],"about":[{"href":"https:\/\/centralmedia.rs\/index.php\/wp-json\/wp\/v2\/types\/post"}],"author":[{"embeddable":true,"href":"https:\/\/centralmedia.rs\/index.php\/wp-json\/wp\/v2\/users\/4"}],"replies":[{"embeddable":true,"href":"https:\/\/centralmedia.rs\/index.php\/wp-json\/wp\/v2\/comments?post=12084"}],"version-history":[{"count":1,"href":"https:\/\/centralmedia.rs\/index.php\/wp-json\/wp\/v2\/posts\/12084\/revisions"}],"predecessor-version":[{"id":12086,"href":"https:\/\/centralmedia.rs\/index.php\/wp-json\/wp\/v2\/posts\/12084\/revisions\/12086"}],"wp:featuredmedia":[{"embeddable":true,"href":"https:\/\/centralmedia.rs\/index.php\/wp-json\/wp\/v2\/media\/12085"}],"wp:attachment":[{"href":"https:\/\/centralmedia.rs\/index.php\/wp-json\/wp\/v2\/media?parent=12084"}],"wp:term":[{"taxonomy":"category","embeddable":true,"href":"https:\/\/centralmedia.rs\/index.php\/wp-json\/wp\/v2\/categories?post=12084"},{"taxonomy":"post_tag","embeddable":true,"href":"https:\/\/centralmedia.rs\/index.php\/wp-json\/wp\/v2\/tags?post=12084"}],"curies":[{"name":"wp","href":"https:\/\/api.w.org\/{rel}","templated":true}]}}