{"id":12091,"date":"2018-05-12T15:29:16","date_gmt":"2018-05-12T15:29:16","guid":{"rendered":"http:\/\/centralmedia.rs\/?p=12091"},"modified":"2018-05-12T15:29:16","modified_gmt":"2018-05-12T15:29:16","slug":"prvi-baletski-koncert-u-cupriji-na-vrhovima-prstiju","status":"publish","type":"post","link":"https:\/\/centralmedia.rs\/index.php\/2018\/05\/12\/prvi-baletski-koncert-u-cupriji-na-vrhovima-prstiju\/","title":{"rendered":"PRVI BALETSKI KONCERT U \u0106UPRIJI &#8211; NA VRHOVIMA PRSTIJU"},"content":{"rendered":"<p>\u0106UPRIJA- Baletski studio ,, M\u201c i specijalni gosti &#8211;\u00a0 hor\u00a0\u00a0,, Dar\u201c odr\u017eali su koncert ,,Na vrhovima prstiju&#8221; u punoj sali Muzi\u010dke \u0161kole u \u0106upriji. \u010clanice Baletskog studija ,, M \u201c \u0107uprijskoj publici su se predstavili izvo\u0111enjem klasi\u010dnog i modernog baleta, pokretima i figurama nau\u010denim u \u0161koli koja postoji 27 godina u Para\u0107inu i\u00a0\u00a0\u010diju \u010detvrtinu\u00a0\u00a0polaznica \u010dine talentovane mlade \u0106upri\u010danke.<\/p>\n<p>&#8211; U\u017eivala je publika, ali u\u017eivala su i deca i mi pedagozi. Devoj\u010dice su izgorele od \u017eelje za nastupom u \u0106upriji, one su godinama \u017eele da nastupe na koncertu. Uspeli smo da uspostavimo saradnju sa Ustanovom kulture i omogu\u0107imo devoj\u010dicama i publici koncert. Verujem da \u0107e broj devoj\u010dica iz \u0106uprije posle koncerta biti ve\u0107i, jer verujem u saradnju i novi koncert, kazala je baletski pedagog Milica Kati\u0107.<\/p>\n<div id='gallery-1' class='gallery galleryid-12091 gallery-columns-4 gallery-size-full'><figure class='gallery-item'>\n\t\t\t<div class='gallery-icon landscape'>\n\t\t\t\t<a href='https:\/\/centralmedia.rs\/index.php\/2018\/05\/12\/prvi-baletski-koncert-u-cupriji-na-vrhovima-prstiju\/balerine-1\/'><img loading=\"lazy\" decoding=\"async\" width=\"900\" height=\"570\" src=\"https:\/\/centralmedia.rs\/wp-content\/uploads\/2018\/05\/balerine-1.jpg\" class=\"attachment-full size-full\" alt=\"\" srcset=\"https:\/\/centralmedia.rs\/wp-content\/uploads\/2018\/05\/balerine-1.jpg 900w, https:\/\/centralmedia.rs\/wp-content\/uploads\/2018\/05\/balerine-1-300x190.jpg 300w, https:\/\/centralmedia.rs\/wp-content\/uploads\/2018\/05\/balerine-1-768x486.jpg 768w\" sizes=\"(max-width: 900px) 100vw, 900px\" \/><\/a>\n\t\t\t<\/div><\/figure><figure class='gallery-item'>\n\t\t\t<div class='gallery-icon landscape'>\n\t\t\t\t<a href='https:\/\/centralmedia.rs\/index.php\/2018\/05\/12\/prvi-baletski-koncert-u-cupriji-na-vrhovima-prstiju\/balerine-2\/'><img loading=\"lazy\" decoding=\"async\" width=\"900\" height=\"582\" src=\"https:\/\/centralmedia.rs\/wp-content\/uploads\/2018\/05\/balerine-2.jpg\" class=\"attachment-full size-full\" alt=\"\" srcset=\"https:\/\/centralmedia.rs\/wp-content\/uploads\/2018\/05\/balerine-2.jpg 900w, https:\/\/centralmedia.rs\/wp-content\/uploads\/2018\/05\/balerine-2-300x194.jpg 300w, https:\/\/centralmedia.rs\/wp-content\/uploads\/2018\/05\/balerine-2-768x497.jpg 768w\" sizes=\"(max-width: 900px) 100vw, 900px\" \/><\/a>\n\t\t\t<\/div><\/figure><figure class='gallery-item'>\n\t\t\t<div class='gallery-icon landscape'>\n\t\t\t\t<a href='https:\/\/centralmedia.rs\/index.php\/2018\/05\/12\/prvi-baletski-koncert-u-cupriji-na-vrhovima-prstiju\/hor-dar-4\/'><img loading=\"lazy\" decoding=\"async\" width=\"900\" height=\"564\" src=\"https:\/\/centralmedia.rs\/wp-content\/uploads\/2018\/05\/hor-dar.jpg\" class=\"attachment-full size-full\" alt=\"\" srcset=\"https:\/\/centralmedia.rs\/wp-content\/uploads\/2018\/05\/hor-dar.jpg 900w, https:\/\/centralmedia.rs\/wp-content\/uploads\/2018\/05\/hor-dar-300x188.jpg 300w, https:\/\/centralmedia.rs\/wp-content\/uploads\/2018\/05\/hor-dar-768x481.jpg 768w\" sizes=\"(max-width: 900px) 100vw, 900px\" \/><\/a>\n\t\t\t<\/div><\/figure><figure class='gallery-item'>\n\t\t\t<div class='gallery-icon landscape'>\n\t\t\t\t<a href='https:\/\/centralmedia.rs\/index.php\/2018\/05\/12\/prvi-baletski-koncert-u-cupriji-na-vrhovima-prstiju\/publika-3\/'><img loading=\"lazy\" decoding=\"async\" width=\"900\" height=\"570\" src=\"https:\/\/centralmedia.rs\/wp-content\/uploads\/2018\/05\/publika.jpg\" class=\"attachment-full size-full\" alt=\"\" srcset=\"https:\/\/centralmedia.rs\/wp-content\/uploads\/2018\/05\/publika.jpg 900w, https:\/\/centralmedia.rs\/wp-content\/uploads\/2018\/05\/publika-300x190.jpg 300w, https:\/\/centralmedia.rs\/wp-content\/uploads\/2018\/05\/publika-768x486.jpg 768w\" sizes=\"(max-width: 900px) 100vw, 900px\" \/><\/a>\n\t\t\t<\/div><\/figure>\n\t\t<\/div>\n\n<p>&#8211; Posle mnogo, mnogo godina pauze na sceni na\u0161e velike sale imali prilike da u\u017eivamo u \u010darima baleta. Sva mesta su bila popunjena a tra\u017eila se i stolica vi\u0161e. U izvo\u0111enju simpati\u010dnih devoj\u010dica i tehni\u010dki sjajno uve\u017ebanih devojaka baletskog studija M, gledali smo i u\u017eivali u ske\u010d komadima, klasi\u010dnom, d\u017eez baletu, ali i folklornim igrama adaptiranim u modernu varijantu ove plemenite umetnosti.\u00a0Baletskom studiju M se zahvaljujemo i ve\u0107 se radujemo ponovnom susretu. Hvala i horu Dar na divnom muzi\u010dkom intermecu. Ono je garant da \u0107e, ubudu\u0107e, balerine imati svoje mesto na na\u0161oj sceni, saop\u0161teno je iz Ustanove kulture u \u0106upriji.<br \/>\nBaletski studio M osnovala je Magdalena Petrovi\u0107, balerina iz Skoplja 1991. godine. \u0160kola radi po programu dr\u017eavne baletske \u0161kole klasi\u010dnog baleta, ali program obuhvata i jazz balet i moderne igre.<\/p>\n","protected":false},"excerpt":{"rendered":"<p>\u0106UPRIJA- Baletski studio ,, M\u201c i specijalni gosti &#8211;\u00a0 hor\u00a0\u00a0,, Dar\u201c odr\u017eali su koncert ,,Na vrhovima prstiju&#8221; u punoj sali Muzi\u010dke \u0161kole u \u0106upriji. \u010clanice &hellip; <\/p>\n","protected":false},"author":4,"featured_media":12092,"comment_status":"open","ping_status":"open","sticky":false,"template":"","format":"standard","meta":{"footnotes":""},"categories":[1515,1524,2,15,887,12],"tags":[2867,44,1871,2868],"_links":{"self":[{"href":"https:\/\/centralmedia.rs\/index.php\/wp-json\/wp\/v2\/posts\/12091"}],"collection":[{"href":"https:\/\/centralmedia.rs\/index.php\/wp-json\/wp\/v2\/posts"}],"about":[{"href":"https:\/\/centralmedia.rs\/index.php\/wp-json\/wp\/v2\/types\/post"}],"author":[{"embeddable":true,"href":"https:\/\/centralmedia.rs\/index.php\/wp-json\/wp\/v2\/users\/4"}],"replies":[{"embeddable":true,"href":"https:\/\/centralmedia.rs\/index.php\/wp-json\/wp\/v2\/comments?post=12091"}],"version-history":[{"count":1,"href":"https:\/\/centralmedia.rs\/index.php\/wp-json\/wp\/v2\/posts\/12091\/revisions"}],"predecessor-version":[{"id":12097,"href":"https:\/\/centralmedia.rs\/index.php\/wp-json\/wp\/v2\/posts\/12091\/revisions\/12097"}],"wp:featuredmedia":[{"embeddable":true,"href":"https:\/\/centralmedia.rs\/index.php\/wp-json\/wp\/v2\/media\/12092"}],"wp:attachment":[{"href":"https:\/\/centralmedia.rs\/index.php\/wp-json\/wp\/v2\/media?parent=12091"}],"wp:term":[{"taxonomy":"category","embeddable":true,"href":"https:\/\/centralmedia.rs\/index.php\/wp-json\/wp\/v2\/categories?post=12091"},{"taxonomy":"post_tag","embeddable":true,"href":"https:\/\/centralmedia.rs\/index.php\/wp-json\/wp\/v2\/tags?post=12091"}],"curies":[{"name":"wp","href":"https:\/\/api.w.org\/{rel}","templated":true}]}}