{"id":12103,"date":"2018-05-12T15:42:55","date_gmt":"2018-05-12T15:42:55","guid":{"rendered":"http:\/\/centralmedia.rs\/?p=12103"},"modified":"2018-05-12T15:43:30","modified_gmt":"2018-05-12T15:43:30","slug":"muzej-horeum-margi-ravno-u-cupriji-drevna-slovenska-mitologija-senzibilitet-21-veka","status":"publish","type":"post","link":"https:\/\/centralmedia.rs\/index.php\/2018\/05\/12\/muzej-horeum-margi-ravno-u-cupriji-drevna-slovenska-mitologija-senzibilitet-21-veka\/","title":{"rendered":"MUZEJ HOREUM MARGI &#8211; RAVNO U \u0106UPRIJI: Drevna slovenska mitologija i senzibilitet 21. veka"},"content":{"rendered":"<p>\u0106UPRIJA- Izlo\u017eba digitalnih ilustracija Drevna slovenska mitologija i senzibilitet 21. veka autorke Anite Mili\u0107, docenta na Fakultetu umetnosti u Ni\u0161u, otvorena je u petak Muzeju Horeum Margi-Ravno, a posetioci mogu da je pogledaju do 18. maja.<\/p>\n<p>-Osim vi\u0161eg sloja slovenske mitologije imamo i ni\u017ei sloj i on \u017eivi u drevnim pri\u010dama, mitolo\u0161ka bi\u0107a. Oni su na ilustracijama i jedan deo se odnosi na magiju. Pri\u010du o slovenskoj mitologiji zapo\u010dela sam izlo\u017ebom u \u0106upriji i o\u010dekujem da je razradim u narednom periodu. Pri\u010de su kompleksne, nemogu\u0107e ih je predstaviti do detalja, prelazi se u drugu dimenziju. Ilustacija je umetnikova iluzija i vizija, a ne fotografija. Manipulacijom fotografije, crte\u017ea i same pri\u010de dolazimo do nerelanog sveta koji u \u0107uprisjkom jzeju postaje realan, kazala je Anita Mili\u0107.<a href=\"https:\/\/centralmedia.rs\/wp-content\/uploads\/2018\/05\/muzej-1.jpg\"><img loading=\"lazy\" decoding=\"async\" class=\"alignright size-medium wp-image-12106\" src=\"https:\/\/centralmedia.rs\/wp-content\/uploads\/2018\/05\/muzej-1-300x225.jpg\" alt=\"\" width=\"300\" height=\"225\" srcset=\"https:\/\/centralmedia.rs\/wp-content\/uploads\/2018\/05\/muzej-1-300x225.jpg 300w, https:\/\/centralmedia.rs\/wp-content\/uploads\/2018\/05\/muzej-1-768x576.jpg 768w, https:\/\/centralmedia.rs\/wp-content\/uploads\/2018\/05\/muzej-1-80x60.jpg 80w, https:\/\/centralmedia.rs\/wp-content\/uploads\/2018\/05\/muzej-1-265x198.jpg 265w, https:\/\/centralmedia.rs\/wp-content\/uploads\/2018\/05\/muzej-1.jpg 900w\" sizes=\"(max-width: 300px) 100vw, 300px\" \/><\/a><\/p>\n<p>\u0106uprijski Muzej ove godine u\u010destvuje u manifestacije ,,Muzeji Srbije deset dana od 10 do 10&#8243; te je ova izlo\u017eba prva u tom programu.<\/p>\n<p>-Od ponedeljka do \u010detvrtka ima\u0107emo arheolo\u0161ku radionicu ,,Mladi ista\u017eiva\u010di&#8221;\u00a0 na kojoj \u0107e najmla\u0111i mo\u0107i da se upoznaju sa terminologijom i na\u010dinom obrade arheolo\u0161kom materijala, te zna\u010dajem pokretnog kulturnog dobra u smislu poznavanja, za\u0161tite i daljih postupaka. Ovogodi\u0161nja manifestacija zavr\u0161ava se 19. maja kada \u0107e \u0107uprijska publika biti u prilici da vidi izlo\u017ebu ,,Dizajn iz doba Juge&#8221;, najavio je direktor muzeja Novak Novakovi\u0107.<\/p>\n<p>&nbsp;<\/p>\n","protected":false},"excerpt":{"rendered":"<p>\u0106UPRIJA- Izlo\u017eba digitalnih ilustracija Drevna slovenska mitologija i senzibilitet 21. veka autorke Anite Mili\u0107, docenta na Fakultetu umetnosti u Ni\u0161u, otvorena je u petak Muzeju &hellip; <\/p>\n","protected":false},"author":4,"featured_media":12104,"comment_status":"open","ping_status":"open","sticky":false,"template":"","format":"standard","meta":{"footnotes":""},"categories":[1515,1524,2,15,887,12],"tags":[44,974],"_links":{"self":[{"href":"https:\/\/centralmedia.rs\/index.php\/wp-json\/wp\/v2\/posts\/12103"}],"collection":[{"href":"https:\/\/centralmedia.rs\/index.php\/wp-json\/wp\/v2\/posts"}],"about":[{"href":"https:\/\/centralmedia.rs\/index.php\/wp-json\/wp\/v2\/types\/post"}],"author":[{"embeddable":true,"href":"https:\/\/centralmedia.rs\/index.php\/wp-json\/wp\/v2\/users\/4"}],"replies":[{"embeddable":true,"href":"https:\/\/centralmedia.rs\/index.php\/wp-json\/wp\/v2\/comments?post=12103"}],"version-history":[{"count":2,"href":"https:\/\/centralmedia.rs\/index.php\/wp-json\/wp\/v2\/posts\/12103\/revisions"}],"predecessor-version":[{"id":12107,"href":"https:\/\/centralmedia.rs\/index.php\/wp-json\/wp\/v2\/posts\/12103\/revisions\/12107"}],"wp:featuredmedia":[{"embeddable":true,"href":"https:\/\/centralmedia.rs\/index.php\/wp-json\/wp\/v2\/media\/12104"}],"wp:attachment":[{"href":"https:\/\/centralmedia.rs\/index.php\/wp-json\/wp\/v2\/media?parent=12103"}],"wp:term":[{"taxonomy":"category","embeddable":true,"href":"https:\/\/centralmedia.rs\/index.php\/wp-json\/wp\/v2\/categories?post=12103"},{"taxonomy":"post_tag","embeddable":true,"href":"https:\/\/centralmedia.rs\/index.php\/wp-json\/wp\/v2\/tags?post=12103"}],"curies":[{"name":"wp","href":"https:\/\/api.w.org\/{rel}","templated":true}]}}