{"id":12112,"date":"2018-05-13T11:26:49","date_gmt":"2018-05-13T11:26:49","guid":{"rendered":"http:\/\/centralmedia.rs\/?p=12112"},"modified":"2018-10-02T17:14:34","modified_gmt":"2018-10-02T17:14:34","slug":"zavicajni-muzej-u-paracinu-muzeji-za-10","status":"publish","type":"post","link":"https:\/\/centralmedia.rs\/index.php\/2018\/05\/13\/zavicajni-muzej-u-paracinu-muzeji-za-10\/","title":{"rendered":"ZAVI\u010cAJNI MUZEJ U PARA\u0106INU MUZEJI ZA 10"},"content":{"rendered":"<p>PARA\u0106IN- Inicijativa muzeja \u0161irom Srbije da se okupe u zajedni\u010dkoj akciji promovisanja kulturnog blaga Srbije \u010detvrti put odr\u017eava se od 14. do 20. maja. Manifestacijom \u201cMuzeji za 10\u201d obele\u017ei\u0107e se Nacionalna nedelja muzeja, Me\u0111unarodni dan muzeja i Evropska no\u0107 muzeja.<\/p>\n<div id='gallery-1' class='gallery galleryid-12112 gallery-columns-6 gallery-size-thumbnail'><figure class='gallery-item'>\n\t\t\t<div class='gallery-icon portrait'>\n\t\t\t\t<a href='https:\/\/centralmedia.rs\/index.php\/2018\/05\/13\/zavicajni-muzej-u-paracinu-muzeji-za-10\/plakat-arheolozi\/'><img loading=\"lazy\" decoding=\"async\" width=\"150\" height=\"150\" src=\"https:\/\/centralmedia.rs\/wp-content\/uploads\/2018\/05\/plakat-arheolozi-150x150.jpg\" class=\"attachment-thumbnail size-thumbnail\" alt=\"\" \/><\/a>\n\t\t\t<\/div><\/figure><figure class='gallery-item'>\n\t\t\t<div class='gallery-icon portrait'>\n\t\t\t\t<a href='https:\/\/centralmedia.rs\/index.php\/2018\/05\/13\/zavicajni-muzej-u-paracinu-muzeji-za-10\/plakat-graviranje\/'><img loading=\"lazy\" decoding=\"async\" width=\"150\" height=\"150\" src=\"https:\/\/centralmedia.rs\/wp-content\/uploads\/2018\/05\/plakat-graviranje-150x150.jpg\" class=\"attachment-thumbnail size-thumbnail\" alt=\"\" \/><\/a>\n\t\t\t<\/div><\/figure><figure class='gallery-item'>\n\t\t\t<div class='gallery-icon portrait'>\n\t\t\t\t<a href='https:\/\/centralmedia.rs\/index.php\/2018\/05\/13\/zavicajni-muzej-u-paracinu-muzeji-za-10\/plakat-marko-kraljevic\/'><img loading=\"lazy\" decoding=\"async\" width=\"150\" height=\"150\" src=\"https:\/\/centralmedia.rs\/wp-content\/uploads\/2018\/05\/plakat-marko-kraljevic-150x150.jpg\" class=\"attachment-thumbnail size-thumbnail\" alt=\"\" \/><\/a>\n\t\t\t<\/div><\/figure><figure class='gallery-item'>\n\t\t\t<div class='gallery-icon portrait'>\n\t\t\t\t<a href='https:\/\/centralmedia.rs\/index.php\/2018\/05\/13\/zavicajni-muzej-u-paracinu-muzeji-za-10\/plakat-parakin\/'><img loading=\"lazy\" decoding=\"async\" width=\"150\" height=\"150\" src=\"https:\/\/centralmedia.rs\/wp-content\/uploads\/2018\/05\/plakat-parakin-150x150.jpg\" class=\"attachment-thumbnail size-thumbnail\" alt=\"\" \/><\/a>\n\t\t\t<\/div><\/figure><figure class='gallery-item'>\n\t\t\t<div class='gallery-icon portrait'>\n\t\t\t\t<a href='https:\/\/centralmedia.rs\/index.php\/2018\/05\/13\/zavicajni-muzej-u-paracinu-muzeji-za-10\/plakat-posle-adama-i-eve\/'><img loading=\"lazy\" decoding=\"async\" width=\"150\" height=\"150\" src=\"https:\/\/centralmedia.rs\/wp-content\/uploads\/2018\/05\/plakat-posle-adama-i-eve-150x150.jpg\" class=\"attachment-thumbnail size-thumbnail\" alt=\"\" \/><\/a>\n\t\t\t<\/div><\/figure><figure class='gallery-item'>\n\t\t\t<div class='gallery-icon portrait'>\n\t\t\t\t<a href='https:\/\/centralmedia.rs\/index.php\/2018\/05\/13\/zavicajni-muzej-u-paracinu-muzeji-za-10\/plakat-sportski-duh\/'><img loading=\"lazy\" decoding=\"async\" width=\"150\" height=\"150\" src=\"https:\/\/centralmedia.rs\/wp-content\/uploads\/2018\/05\/plakat-sportski-duh-150x150.jpg\" class=\"attachment-thumbnail size-thumbnail\" alt=\"\" \/><\/a>\n\t\t\t<\/div><\/figure>\n\t\t<\/div>\n\n<p>Tokom trajanja manifestacije MUZEJI ZA 10 u Zavi\u010dajnom muzeju u Para\u0107inu posetioci \u0107e videti kulturno blago, u\u010destvovati u radionicama i predavanjima.<a href=\"https:\/\/centralmedia.rs\/wp-content\/uploads\/2018\/05\/plakat-nasledje.jpg\"><img loading=\"lazy\" decoding=\"async\" class=\"aligncenter size-full wp-image-12120\" src=\"https:\/\/centralmedia.rs\/wp-content\/uploads\/2018\/05\/plakat-nasledje.jpg\" alt=\"\" width=\"1240\" height=\"806\" srcset=\"https:\/\/centralmedia.rs\/wp-content\/uploads\/2018\/05\/plakat-nasledje.jpg 1240w, https:\/\/centralmedia.rs\/wp-content\/uploads\/2018\/05\/plakat-nasledje-300x195.jpg 300w, https:\/\/centralmedia.rs\/wp-content\/uploads\/2018\/05\/plakat-nasledje-768x499.jpg 768w, https:\/\/centralmedia.rs\/wp-content\/uploads\/2018\/05\/plakat-nasledje-1024x666.jpg 1024w\" sizes=\"(max-width: 1240px) 100vw, 1240px\" \/><\/a><\/p>\n<p>14-20. maja 10-22h<br \/>\nSTALNA POSTAVKA<br \/>\nTokom trajanja manifestacije posetiocima \u0107e sve vreme biti distupna stalna postavka na\u0161eg Muzeja.<\/p>\n<p>14. maja u 19h<br \/>\nSPORTSKI DUH PARA\u0106INA &#8211; Izlo\u017eba<br \/>\nOtvaranje izlo\u017ebe je u ponedeljak u 19h na spratu Muzeja. Izlo\u017eba koja se bavi nastankom i razvojem sporta u Para\u0107inu od po\u010detka 20. veka. Izlo\u017eba je tematski podeljena hronolo\u0161ki i po sportovima. Izlo\u017ebu \u010dine fotografije i trodimenzionalni predmeti iz zbirke Zavi\u010dajnog muzeja Para\u0107in. Izlo\u017eba \u0107e nakon otvaranja biti dostupna posetiocima sve vreme trajanja manifestacije.<\/p>\n<p>14-18. maja 10-17h<br \/>\nMALI ARHEOLOZI &#8211; Radionica za decu<br \/>\nOd ponedeljka do petka otvorena je sada ve\u0107 tradicionalna radionica za decu, namenjena pre svega deci pred\u0161kolskog uzrasta. Organizovane grupe iz PU Bambi dolazi\u0107e cele nedelje u Muzej, ali radionica je dostupna i za individulane posete.<\/p>\n<p>15. maja u 18h<br \/>\nSRBI PRE ADAMA I POSLE NJEGA &#8211; Istorija i pseudo istorija<br \/>\nPredavanje profesora dr Radivoja Radi\u0107a, istori\u010dara, univerzitetskog profesora i nau\u010dnog radnika o zlopotrebama u isotriji. Predavanje je odgovor na pisanja kvaziistori\u010dara kojih je u poslednje vreme sve vi\u0161e u na\u0161oj sredini, a koji iznose neverovatne podatke direktno prozivaju\u0107i nau\u010dne radnike za falsifikovanje \u201ezvani\u010dne\u201c (kako je oni nazivaju) istorije.<\/p>\n<p>15. maja u 20h<br \/>\nMARKO KRALJEVI\u0106 &#8211; izme\u0111u epa i istorije<br \/>\nPredavanje Marka Aleksi\u0107a, arheolog, pisac, stru\u010dnjak za srednjovekovno naoru\u017eanje. Predavanje se bavi najve\u0107im srpskih herojem narodnih pesama, Markom Kraljevi\u0107em. Marko \u0107e nam predstaviti kolika je razlika izme\u0111u pravog Marka Kraljevi\u0107a u odnosu na onog opevanog u epskim pesmama.<\/p>\n<p>16. maja u 18h<br \/>\nSREDNJEVEKOVNO NASLE\u0110E PARAKINOVOG BRODA &#8211; Izlo\u017eba<br \/>\nOtvaranje izlo\u017ebe u Gimnaziji Para\u0107in. Izlo\u017eba \u0107e biti postavljena u holu \u0161kole, a sama izlo\u017eba na zanimljiv na\u010din prikazuje srednji vek Petru\u0161ke oblasti. Autor izlo\u017ebe je Filip Stefanovi\u0107, arheolog saradnik Zavi\u010dajnog muzeja \u201ePara\u0107in\u201c.<\/p>\n<p>17. maja u 19h<br \/>\nARHEOLO\u0160KO NASLE\u0110E PARA\u0106INA<br \/>\nPrezentacija ciljeva i preliminarnih rezultata projekta \u201eArheolo\u0161ko nasle\u0111e Para\u0107ina\u201c. Projekat \u0107e predstaviti mr Vesna Vu\u010dkovi\u0107, vi\u0161i kustos Zavi\u010dajnog muzeja Para\u0107in i dr Vojislav Filipovi\u0107, istra\u017eiva\u010d saradnik Arheolo\u0161kog Instituta u Beogradu.<\/p>\n<p>18. maja u 19h<br \/>\nUMETNOST GRAVIRANJA NA STAKLU &#8211; radovi Milana Stankovi\u0107a Laneta<br \/>\nIzlo\u017eba radova Milana Stankovi\u0107a Laneta, majstora gravera na staklu bi\u0107e otvorena u podrumskim prostorijama Muzeja. Izlo\u017eba prikazuje jedan interesantan zanat koji je u izumiranju. Na izlo\u017ebi \u0107e biti predstavljeni reprezentativni radovi koje je autor tokom svoje karijere uradio i sa\u010duvao. Izlo\u017eba je deo serijala izlo\u017ebi o staklu koje priprema Zavi\u010dajni muzej Para\u0107in.<\/p>\n<p>19-20 maja 11-15h<br \/>\nISTORIJSKI RAZVOJ PISMA OD NAJRANIJE ISTORIJE DO DANA\u0160NJIH MODERNIH FONTOVA<br \/>\nKaligrafska radionica za u\u010denike srednjih \u0161kola i starijih razreda osnovnih \u0161kola. Predava\u010d Gordana \u017divanovi\u0107, profesor Pisma i Kaligrafije.<\/p>\n<p>19. maja do 01h<br \/>\nNO\u0106 MUZEJA<br \/>\nU subotu \u0107e biti produ\u017eeno radno vreme, a posetioce \u0107e kroz postavke voditi u\u010denici O\u0160 &#8220;Mom\u010dilo Popovi\u0107 &#8211; Ozren&#8221;<\/p>\n","protected":false},"excerpt":{"rendered":"<p>PARA\u0106IN- Inicijativa muzeja \u0161irom Srbije da se okupe u zajedni\u010dkoj akciji promovisanja kulturnog blaga Srbije \u010detvrti put odr\u017eava se od 14. do 20. maja. Manifestacijom &hellip; <\/p>\n","protected":false},"author":2,"featured_media":14192,"comment_status":"open","ping_status":"open","sticky":false,"template":"","format":"standard","meta":{"footnotes":""},"categories":[1524,2,15,1516,887,12],"tags":[2872,2871,1929],"_links":{"self":[{"href":"https:\/\/centralmedia.rs\/index.php\/wp-json\/wp\/v2\/posts\/12112"}],"collection":[{"href":"https:\/\/centralmedia.rs\/index.php\/wp-json\/wp\/v2\/posts"}],"about":[{"href":"https:\/\/centralmedia.rs\/index.php\/wp-json\/wp\/v2\/types\/post"}],"author":[{"embeddable":true,"href":"https:\/\/centralmedia.rs\/index.php\/wp-json\/wp\/v2\/users\/2"}],"replies":[{"embeddable":true,"href":"https:\/\/centralmedia.rs\/index.php\/wp-json\/wp\/v2\/comments?post=12112"}],"version-history":[{"count":2,"href":"https:\/\/centralmedia.rs\/index.php\/wp-json\/wp\/v2\/posts\/12112\/revisions"}],"predecessor-version":[{"id":14193,"href":"https:\/\/centralmedia.rs\/index.php\/wp-json\/wp\/v2\/posts\/12112\/revisions\/14193"}],"wp:featuredmedia":[{"embeddable":true,"href":"https:\/\/centralmedia.rs\/index.php\/wp-json\/wp\/v2\/media\/14192"}],"wp:attachment":[{"href":"https:\/\/centralmedia.rs\/index.php\/wp-json\/wp\/v2\/media?parent=12112"}],"wp:term":[{"taxonomy":"category","embeddable":true,"href":"https:\/\/centralmedia.rs\/index.php\/wp-json\/wp\/v2\/categories?post=12112"},{"taxonomy":"post_tag","embeddable":true,"href":"https:\/\/centralmedia.rs\/index.php\/wp-json\/wp\/v2\/tags?post=12112"}],"curies":[{"name":"wp","href":"https:\/\/api.w.org\/{rel}","templated":true}]}}