{"id":12122,"date":"2018-05-13T13:23:08","date_gmt":"2018-05-13T13:23:08","guid":{"rendered":"http:\/\/centralmedia.rs\/?p=12122"},"modified":"2018-05-13T13:45:47","modified_gmt":"2018-05-13T13:45:47","slug":"sajam-zanimanja-u-os-13-oktobar-u-cupriji","status":"publish","type":"post","link":"https:\/\/centralmedia.rs\/index.php\/2018\/05\/13\/sajam-zanimanja-u-os-13-oktobar-u-cupriji\/","title":{"rendered":"Sajam zanimanja u O\u0160 &#8220;13. oktobar&#8221; u \u0106upriji"},"content":{"rendered":"<p>\u200b\u0106UPRIJA- U holu O\u0160 \u201c13. oktobar\u201d u \u0106upriji odr\u017ean je Sajam zanimanja za u\u010denike 7. i 8. razreda. Sajam zanimanja realizovan je u cilju profesionalnog usmeravanja u\u010denika zavr\u0161nih razreda, informisanja o obrazovnim profilima srednjih \u0161kola na teritoriji Pomoravlja i pru\u017eanja prilika da se bli\u017ee upoznaju sa \u017eeljenim zanimanjima.<\/p>\n<div id='gallery-1' class='gallery galleryid-12122 gallery-columns-2 gallery-size-full'><figure class='gallery-item'>\n\t\t\t<div class='gallery-icon portrait'>\n\t\t\t\t<a href='https:\/\/centralmedia.rs\/index.php\/2018\/05\/13\/sajam-zanimanja-u-os-13-oktobar-u-cupriji\/prezentacija-2\/'><img loading=\"lazy\" decoding=\"async\" width=\"280\" height=\"373\" src=\"https:\/\/centralmedia.rs\/wp-content\/uploads\/2018\/05\/prezentacija-2.jpg\" class=\"attachment-full size-full\" alt=\"\" srcset=\"https:\/\/centralmedia.rs\/wp-content\/uploads\/2018\/05\/prezentacija-2.jpg 280w, https:\/\/centralmedia.rs\/wp-content\/uploads\/2018\/05\/prezentacija-2-225x300.jpg 225w\" sizes=\"(max-width: 280px) 100vw, 280px\" \/><\/a>\n\t\t\t<\/div><\/figure><figure class='gallery-item'>\n\t\t\t<div class='gallery-icon portrait'>\n\t\t\t\t<a href='https:\/\/centralmedia.rs\/index.php\/2018\/05\/13\/sajam-zanimanja-u-os-13-oktobar-u-cupriji\/prezentacija\/'><img loading=\"lazy\" decoding=\"async\" width=\"280\" height=\"373\" src=\"https:\/\/centralmedia.rs\/wp-content\/uploads\/2018\/05\/prezentacija.jpg\" class=\"attachment-full size-full\" alt=\"\" srcset=\"https:\/\/centralmedia.rs\/wp-content\/uploads\/2018\/05\/prezentacija.jpg 280w, https:\/\/centralmedia.rs\/wp-content\/uploads\/2018\/05\/prezentacija-225x300.jpg 225w\" sizes=\"(max-width: 280px) 100vw, 280px\" \/><\/a>\n\t\t\t<\/div><\/figure>\n\t\t<\/div>\n\n<p>U prvom delu, predstavile su se srednje \u0161kole iz \u0106uprije, Para\u0107ina, Jagodine i Rekovca, informisale u\u010denike o ponudi obrazovnih profila i mogu\u0107nostima za dalje \u0161kolovanje ili zaposlenje na mini \u0161tandovima, uz demonstraciju prakti\u010dnih aktivnosti i prikaz produkata radova srednjo\u0161kolaca. U drugom delu Sajma govorili su specijalni gosti, predstavnici razli\u010ditih zanimanja, odgovarali na pitanja u\u010denika i prakti\u010dno im pokazali odre\u0111ene radne zadatke i pribli\u017eili kako izgleda njihov radni dan na poslu, podelili sa njima svoja dragocena profesionalna iskustva, dali odre\u0111ene preporuke i savete.<\/p>\n","protected":false},"excerpt":{"rendered":"<p>\u200b\u0106UPRIJA- U holu O\u0160 \u201c13. oktobar\u201d u \u0106upriji odr\u017ean je Sajam zanimanja za u\u010denike 7. i 8. razreda. Sajam zanimanja realizovan je u cilju profesionalnog &hellip; <\/p>\n","protected":false},"author":4,"featured_media":12130,"comment_status":"open","ping_status":"open","sticky":false,"template":"","format":"standard","meta":{"footnotes":""},"categories":[1515,1524,2,887,16,12],"tags":[1292,44,2873],"_links":{"self":[{"href":"https:\/\/centralmedia.rs\/index.php\/wp-json\/wp\/v2\/posts\/12122"}],"collection":[{"href":"https:\/\/centralmedia.rs\/index.php\/wp-json\/wp\/v2\/posts"}],"about":[{"href":"https:\/\/centralmedia.rs\/index.php\/wp-json\/wp\/v2\/types\/post"}],"author":[{"embeddable":true,"href":"https:\/\/centralmedia.rs\/index.php\/wp-json\/wp\/v2\/users\/4"}],"replies":[{"embeddable":true,"href":"https:\/\/centralmedia.rs\/index.php\/wp-json\/wp\/v2\/comments?post=12122"}],"version-history":[{"count":1,"href":"https:\/\/centralmedia.rs\/index.php\/wp-json\/wp\/v2\/posts\/12122\/revisions"}],"predecessor-version":[{"id":12126,"href":"https:\/\/centralmedia.rs\/index.php\/wp-json\/wp\/v2\/posts\/12122\/revisions\/12126"}],"wp:featuredmedia":[{"embeddable":true,"href":"https:\/\/centralmedia.rs\/index.php\/wp-json\/wp\/v2\/media\/12130"}],"wp:attachment":[{"href":"https:\/\/centralmedia.rs\/index.php\/wp-json\/wp\/v2\/media?parent=12122"}],"wp:term":[{"taxonomy":"category","embeddable":true,"href":"https:\/\/centralmedia.rs\/index.php\/wp-json\/wp\/v2\/categories?post=12122"},{"taxonomy":"post_tag","embeddable":true,"href":"https:\/\/centralmedia.rs\/index.php\/wp-json\/wp\/v2\/tags?post=12122"}],"curies":[{"name":"wp","href":"https:\/\/api.w.org\/{rel}","templated":true}]}}