{"id":12179,"date":"2018-05-16T16:52:17","date_gmt":"2018-05-16T16:52:17","guid":{"rendered":"http:\/\/centralmedia.rs\/?p=12179"},"modified":"2018-05-16T16:52:17","modified_gmt":"2018-05-16T16:52:17","slug":"zlatiborskim-doruckom-u-beogradu-najavljena-letnja-sezona","status":"publish","type":"post","link":"https:\/\/centralmedia.rs\/index.php\/2018\/05\/16\/zlatiborskim-doruckom-u-beogradu-najavljena-letnja-sezona\/","title":{"rendered":"Zlatiborskim doru\u010dkom u Beogradu najavljena letnja sezona"},"content":{"rendered":"<p>BEOGRAD- Na gastronomskom spektaklu uz tradicionalne specijalitete ovog kraja Turisti\u010dka organizacija Zlatibor najavila je danas u Beogardu nastupaju\u0107u letnju sezonu.<a href=\"https:\/\/centralmedia.rs\/wp-content\/uploads\/2018\/05\/Zlatiborskidorucak0.jpg\"><img loading=\"lazy\" decoding=\"async\" class=\"alignright size-medium wp-image-12181\" src=\"https:\/\/centralmedia.rs\/wp-content\/uploads\/2018\/05\/Zlatiborskidorucak0-300x200.jpg\" alt=\"\" width=\"300\" height=\"200\" srcset=\"https:\/\/centralmedia.rs\/wp-content\/uploads\/2018\/05\/Zlatiborskidorucak0-300x200.jpg 300w, https:\/\/centralmedia.rs\/wp-content\/uploads\/2018\/05\/Zlatiborskidorucak0.jpg 550w\" sizes=\"(max-width: 300px) 100vw, 300px\" \/><\/a><br \/>\nTO Zlatibor je u beogradskom restoranu \u201cManufaktura\u201d uz pripremu i poslu\u017eenje zlatiborskog doru\u010dka odr\u017eala interesantnu i ukusnu prezentaciju sa ciljem da uz \u010duvene delicije svoga kraja najavi prole\u0107no letnju sezonu na ovoj najpose\u0107enijoj planini u Srbiji.Pored brojnih predstavnika medija na prezentaciji su bili prisutni i pomo\u0107nica ministra turizma Renata Pind\u017eo, diektorka TO Srbije Marija Labovi\u0107\u00a0 direktor Yuta-e Aleksandar Seni\u010di\u0107.Gosti koji su prisustvovali prezentaciji u okviru \u201eZlatiborskog doru\u010dka\u201c do\u010dekani su re\u010dima dobrodo\u0161lice Dejana Veselinova ispred\u00a0 VTC\u00a0 tima koji je u\u010destvovao u organizaciji i zlatiborskim okrepljenjem u vidu rakije i prirodnih sokova. Okupljeni su imali priliku da nau\u010de kako se priprema \u010duvena komplet lepinja, da \u010duju savete od kuvara i da probaju najbolje sa Zlatibora, razne vrste pita, ka\u010damak, sir, kajmak, suvomesnate proizvode, kao i da u\u017eivaju u degustaciji rakije \u0161ljivovice, a \u010dlanovi Udru\u017eenja somelijera pripremali su neobi\u010dne koktele koriste\u0107i kao glavne sastojke upravo specijalitete zlatiborskog kraja.<\/p>\n<figure id=\"attachment_12182\" aria-describedby=\"caption-attachment-12182\" style=\"width: 300px\" class=\"wp-caption alignright\"><a href=\"https:\/\/centralmedia.rs\/wp-content\/uploads\/2018\/05\/vladimir-zivanovic.jpg\"><img loading=\"lazy\" decoding=\"async\" class=\"size-medium wp-image-12182\" src=\"https:\/\/centralmedia.rs\/wp-content\/uploads\/2018\/05\/vladimir-zivanovic-300x200.jpg\" alt=\"\" width=\"300\" height=\"200\" srcset=\"https:\/\/centralmedia.rs\/wp-content\/uploads\/2018\/05\/vladimir-zivanovic-300x200.jpg 300w, https:\/\/centralmedia.rs\/wp-content\/uploads\/2018\/05\/vladimir-zivanovic.jpg 550w\" sizes=\"(max-width: 300px) 100vw, 300px\" \/><\/a><figcaption id=\"caption-attachment-12182\" class=\"wp-caption-text\">Vladimir \u017divanovi\u0107<\/figcaption><\/figure>\n<p>Da Zlatibor nije samo odli\u010dna gastronomska destinacija pokazuje i bogata ponuda letnjih sadr\u017eaja koje je predstavnicima medija, turisti\u010dkih agencija, resornog ministarstva, predstavio direktor Turisti\u010dke organizacije Zlatibor, Vladimir \u017divanovi\u0107 koji je naglasio da je sve spremno za predstoje\u0107u sezonu.<\/p>\n<p>&#8211; Sve goste Zlatibora o\u010dekuju brojni i zanimljivi sadr\u017eaji. Svi lokaliteti su spremni za posetioce, a u vrelim letnjim danima bi\u0107e dostupna i dva otvorena bazena i osam kupali\u0161ta u okru\u017eenju. Ove godine akcenat\u00a0 je stavljen na obele\u017eavanje va\u017enog jubileja, 125 godina organizovanog tuizma na Zlatiboru, pa \u0107e jubilej biti obele\u017een mnogobrojnim de\u0161avanjima, a centralni doga\u0111aj bi\u0107e Sve\u010dana akademija.\u00a0<a href=\"https:\/\/centralmedia.rs\/wp-content\/uploads\/2018\/05\/Zlatiborskidorucakm.jpg\"><img loading=\"lazy\" decoding=\"async\" class=\"alignright size-medium wp-image-12183\" src=\"https:\/\/centralmedia.rs\/wp-content\/uploads\/2018\/05\/Zlatiborskidorucakm-300x200.jpg\" alt=\"\" width=\"300\" height=\"200\" srcset=\"https:\/\/centralmedia.rs\/wp-content\/uploads\/2018\/05\/Zlatiborskidorucakm-300x200.jpg 300w, https:\/\/centralmedia.rs\/wp-content\/uploads\/2018\/05\/Zlatiborskidorucakm.jpg 550w\" sizes=\"(max-width: 300px) 100vw, 300px\" \/><\/a>Sve goste o\u010dekuje izuzetno bogato kulturno leto sa mno\u0161tvom manifestacija, tradicionalnim poput Sajma doma\u0107e Rakije \u201cRakijada\u201d u \u0160ljivovici (15.jul), \u201cSabor truba\u010da zapadne Srbije i smotra narodnog stvarala\u0161tva\u201d (27-29. jula), kao i Muzi\u010dki festival \u201eHills Up\u201c od 09.do 12. avgusta koji \u0107e okupiti najpoznatije rok grupe iz zemlje i okru\u017eenja. Tako\u0111e \u0107e svakodnevno na letnjoj pozornici na Kraljevom trgu biti organozovani koncerti, nastupi kulturno-umetni\u010dkih dru\u0161tava, predstave za decu, izlo\u017ebe&#8230; Prisutnima se obratio novinar Igor Miklja koji je najavio najve\u0107i fudbalski turnir omladinaca \u201cKup prijateljstva\u201d koji \u0107e okupiti 16 ekipa iz zemlje i regiona,<a href=\"https:\/\/centralmedia.rs\/wp-content\/uploads\/2018\/05\/Zlatiborskidorucak2.jpg\"><img loading=\"lazy\" decoding=\"async\" class=\"alignright size-medium wp-image-12184\" src=\"https:\/\/centralmedia.rs\/wp-content\/uploads\/2018\/05\/Zlatiborskidorucak2-300x200.jpg\" alt=\"\" width=\"300\" height=\"200\" srcset=\"https:\/\/centralmedia.rs\/wp-content\/uploads\/2018\/05\/Zlatiborskidorucak2-300x200.jpg 300w, https:\/\/centralmedia.rs\/wp-content\/uploads\/2018\/05\/Zlatiborskidorucak2.jpg 550w\" sizes=\"(max-width: 300px) 100vw, 300px\" \/><\/a> a odr\u017ea\u0107e se od 4. do 10.juna. Novinar i travar Mom\u010dilo Antonijevi\u0107 rekao je da je upravo Zlatibor zaslu\u017ean za njegovu ljubav prema biljkama, a glumac Branislav\u00a0 Bane Trifunovi\u0107 koji se deklari\u0161e kao Zlatiborac poru\u010dio je svima da \u0161to vi\u0161e vremena provode na sve\u017eem vazduhu! Gosti su imali priliku da kroz VR tehnologiju do\u017eive deo zlatiborske atmosfere i turisti\u010dkih ambijentalnih celina.<br \/>\nOva prava gozba i mali praznik usred radnog dana zavr\u0161ila se u dobrom i veselom raspolo\u017eenju uz obe\u0107anje da \u0107e postati tradicija.<\/p>\n","protected":false},"excerpt":{"rendered":"<p>BEOGRAD- Na gastronomskom spektaklu uz tradicionalne specijalitete ovog kraja Turisti\u010dka organizacija Zlatibor najavila je danas u Beogardu nastupaju\u0107u letnju sezonu. TO Zlatibor je u beogradskom &hellip; <\/p>\n","protected":false},"author":4,"featured_media":12180,"comment_status":"open","ping_status":"open","sticky":false,"template":"","format":"standard","meta":{"footnotes":""},"categories":[2875,1524,2,887,16,12],"tags":[359,2883,2884,2876],"_links":{"self":[{"href":"https:\/\/centralmedia.rs\/index.php\/wp-json\/wp\/v2\/posts\/12179"}],"collection":[{"href":"https:\/\/centralmedia.rs\/index.php\/wp-json\/wp\/v2\/posts"}],"about":[{"href":"https:\/\/centralmedia.rs\/index.php\/wp-json\/wp\/v2\/types\/post"}],"author":[{"embeddable":true,"href":"https:\/\/centralmedia.rs\/index.php\/wp-json\/wp\/v2\/users\/4"}],"replies":[{"embeddable":true,"href":"https:\/\/centralmedia.rs\/index.php\/wp-json\/wp\/v2\/comments?post=12179"}],"version-history":[{"count":1,"href":"https:\/\/centralmedia.rs\/index.php\/wp-json\/wp\/v2\/posts\/12179\/revisions"}],"predecessor-version":[{"id":12185,"href":"https:\/\/centralmedia.rs\/index.php\/wp-json\/wp\/v2\/posts\/12179\/revisions\/12185"}],"wp:featuredmedia":[{"embeddable":true,"href":"https:\/\/centralmedia.rs\/index.php\/wp-json\/wp\/v2\/media\/12180"}],"wp:attachment":[{"href":"https:\/\/centralmedia.rs\/index.php\/wp-json\/wp\/v2\/media?parent=12179"}],"wp:term":[{"taxonomy":"category","embeddable":true,"href":"https:\/\/centralmedia.rs\/index.php\/wp-json\/wp\/v2\/categories?post=12179"},{"taxonomy":"post_tag","embeddable":true,"href":"https:\/\/centralmedia.rs\/index.php\/wp-json\/wp\/v2\/tags?post=12179"}],"curies":[{"name":"wp","href":"https:\/\/api.w.org\/{rel}","templated":true}]}}