{"id":12227,"date":"2018-05-19T10:26:16","date_gmt":"2018-05-19T10:26:16","guid":{"rendered":"http:\/\/centralmedia.rs\/?p=12227"},"modified":"2018-05-19T12:39:35","modified_gmt":"2018-05-19T12:39:35","slug":"deciji-karneval-na-ulicama-cuprije-foto-reportaza","status":"publish","type":"post","link":"https:\/\/centralmedia.rs\/index.php\/2018\/05\/19\/deciji-karneval-na-ulicama-cuprije-foto-reportaza\/","title":{"rendered":"DE\u010cIJI KARNEVAL NA ULICAMA \u0106UPRIJE (FOTO REPORTA\u017dA)"},"content":{"rendered":"<p>\u0106UPRIJA- De\u010diji karneval defilovao je ulicama \u0106uprije, povodom jubileja 50 godina Pred\u0161kolske ustanove De\u010dja radost. Tema karnevala bila ,,U tu\u0111im cipelama&#8221;. U\u010destovalo je 300 dece. Akademija povodom velikog jubileja bi\u0107e odr\u017eana 1. juna u SOMO. Slede\u0107a de\u010dija manifestacija je Olimpijada na gradskom stadionu 7. juna.<\/p>\n<div id='gallery-1' class='gallery galleryid-12227 gallery-columns-4 gallery-size-full'><figure class='gallery-item'>\n\t\t\t<div class='gallery-icon portrait'>\n\t\t\t\t<a href='https:\/\/centralmedia.rs\/index.php\/2018\/05\/19\/deciji-karneval-na-ulicama-cuprije-foto-reportaza\/voditeljke\/'><img loading=\"lazy\" decoding=\"async\" width=\"720\" height=\"960\" src=\"https:\/\/centralmedia.rs\/wp-content\/uploads\/2018\/05\/voditeljke.jpg\" class=\"attachment-full size-full\" alt=\"\" srcset=\"https:\/\/centralmedia.rs\/wp-content\/uploads\/2018\/05\/voditeljke.jpg 720w, https:\/\/centralmedia.rs\/wp-content\/uploads\/2018\/05\/voditeljke-225x300.jpg 225w\" sizes=\"(max-width: 720px) 100vw, 720px\" \/><\/a>\n\t\t\t<\/div><\/figure><figure class='gallery-item'>\n\t\t\t<div class='gallery-icon portrait'>\n\t\t\t\t<a href='https:\/\/centralmedia.rs\/index.php\/2018\/05\/19\/deciji-karneval-na-ulicama-cuprije-foto-reportaza\/voditeljke-3\/'><img loading=\"lazy\" decoding=\"async\" width=\"720\" height=\"960\" src=\"https:\/\/centralmedia.rs\/wp-content\/uploads\/2018\/05\/voditeljke-3.jpg\" class=\"attachment-full size-full\" alt=\"\" srcset=\"https:\/\/centralmedia.rs\/wp-content\/uploads\/2018\/05\/voditeljke-3.jpg 720w, https:\/\/centralmedia.rs\/wp-content\/uploads\/2018\/05\/voditeljke-3-225x300.jpg 225w\" sizes=\"(max-width: 720px) 100vw, 720px\" \/><\/a>\n\t\t\t<\/div><\/figure><figure class='gallery-item'>\n\t\t\t<div class='gallery-icon portrait'>\n\t\t\t\t<a href='https:\/\/centralmedia.rs\/index.php\/2018\/05\/19\/deciji-karneval-na-ulicama-cuprije-foto-reportaza\/voditeljke-2\/'><img loading=\"lazy\" decoding=\"async\" width=\"720\" height=\"960\" src=\"https:\/\/centralmedia.rs\/wp-content\/uploads\/2018\/05\/voditeljke-2.jpg\" class=\"attachment-full size-full\" alt=\"\" srcset=\"https:\/\/centralmedia.rs\/wp-content\/uploads\/2018\/05\/voditeljke-2.jpg 720w, https:\/\/centralmedia.rs\/wp-content\/uploads\/2018\/05\/voditeljke-2-225x300.jpg 225w\" sizes=\"(max-width: 720px) 100vw, 720px\" \/><\/a>\n\t\t\t<\/div><\/figure><figure class='gallery-item'>\n\t\t\t<div class='gallery-icon portrait'>\n\t\t\t\t<a href='https:\/\/centralmedia.rs\/index.php\/2018\/05\/19\/deciji-karneval-na-ulicama-cuprije-foto-reportaza\/voditeljke-1\/'><img loading=\"lazy\" decoding=\"async\" width=\"720\" height=\"960\" src=\"https:\/\/centralmedia.rs\/wp-content\/uploads\/2018\/05\/voditeljke-1.jpg\" class=\"attachment-full size-full\" alt=\"\" srcset=\"https:\/\/centralmedia.rs\/wp-content\/uploads\/2018\/05\/voditeljke-1.jpg 720w, https:\/\/centralmedia.rs\/wp-content\/uploads\/2018\/05\/voditeljke-1-225x300.jpg 225w\" sizes=\"(max-width: 720px) 100vw, 720px\" \/><\/a>\n\t\t\t<\/div><\/figure>\n\t\t<\/div>\n\n<div id='gallery-2' class='gallery galleryid-12227 gallery-columns-3 gallery-size-full'><figure class='gallery-item'>\n\t\t\t<div class='gallery-icon landscape'>\n\t\t\t\t<a href='https:\/\/centralmedia.rs\/index.php\/2018\/05\/19\/deciji-karneval-na-ulicama-cuprije-foto-reportaza\/karneval-1\/'><img loading=\"lazy\" decoding=\"async\" width=\"960\" height=\"540\" src=\"https:\/\/centralmedia.rs\/wp-content\/uploads\/2018\/05\/karneval-1.jpg\" class=\"attachment-full size-full\" alt=\"\" srcset=\"https:\/\/centralmedia.rs\/wp-content\/uploads\/2018\/05\/karneval-1.jpg 960w, https:\/\/centralmedia.rs\/wp-content\/uploads\/2018\/05\/karneval-1-300x169.jpg 300w, https:\/\/centralmedia.rs\/wp-content\/uploads\/2018\/05\/karneval-1-768x432.jpg 768w\" sizes=\"(max-width: 960px) 100vw, 960px\" \/><\/a>\n\t\t\t<\/div><\/figure><figure class='gallery-item'>\n\t\t\t<div class='gallery-icon landscape'>\n\t\t\t\t<a href='https:\/\/centralmedia.rs\/index.php\/2018\/05\/19\/deciji-karneval-na-ulicama-cuprije-foto-reportaza\/karneval-2\/'><img loading=\"lazy\" decoding=\"async\" width=\"960\" height=\"540\" src=\"https:\/\/centralmedia.rs\/wp-content\/uploads\/2018\/05\/KARNEVAL-2.jpg\" class=\"attachment-full size-full\" alt=\"\" srcset=\"https:\/\/centralmedia.rs\/wp-content\/uploads\/2018\/05\/KARNEVAL-2.jpg 960w, https:\/\/centralmedia.rs\/wp-content\/uploads\/2018\/05\/KARNEVAL-2-300x169.jpg 300w, https:\/\/centralmedia.rs\/wp-content\/uploads\/2018\/05\/KARNEVAL-2-768x432.jpg 768w\" sizes=\"(max-width: 960px) 100vw, 960px\" \/><\/a>\n\t\t\t<\/div><\/figure><figure class='gallery-item'>\n\t\t\t<div class='gallery-icon landscape'>\n\t\t\t\t<a href='https:\/\/centralmedia.rs\/index.php\/2018\/05\/19\/deciji-karneval-na-ulicama-cuprije-foto-reportaza\/vaspitacice\/'><img loading=\"lazy\" decoding=\"async\" width=\"1280\" height=\"720\" src=\"https:\/\/centralmedia.rs\/wp-content\/uploads\/2018\/05\/vaspitacice.jpg\" class=\"attachment-full size-full\" alt=\"\" srcset=\"https:\/\/centralmedia.rs\/wp-content\/uploads\/2018\/05\/vaspitacice.jpg 1280w, https:\/\/centralmedia.rs\/wp-content\/uploads\/2018\/05\/vaspitacice-300x169.jpg 300w, https:\/\/centralmedia.rs\/wp-content\/uploads\/2018\/05\/vaspitacice-768x432.jpg 768w, https:\/\/centralmedia.rs\/wp-content\/uploads\/2018\/05\/vaspitacice-1024x576.jpg 1024w\" sizes=\"(max-width: 1280px) 100vw, 1280px\" \/><\/a>\n\t\t\t<\/div><\/figure>\n\t\t<\/div>\n\n","protected":false},"excerpt":{"rendered":"<p>\u0106UPRIJA- De\u010diji karneval defilovao je ulicama \u0106uprije, povodom jubileja 50 godina Pred\u0161kolske ustanove De\u010dja radost. Tema karnevala bila ,,U tu\u0111im cipelama&#8221;. U\u010destovalo je 300 dece. &hellip; <\/p>\n","protected":false},"author":4,"featured_media":12228,"comment_status":"open","ping_status":"open","sticky":false,"template":"","format":"standard","meta":{"footnotes":""},"categories":[1515,1524,2,15,887,12],"tags":[44,2894],"_links":{"self":[{"href":"https:\/\/centralmedia.rs\/index.php\/wp-json\/wp\/v2\/posts\/12227"}],"collection":[{"href":"https:\/\/centralmedia.rs\/index.php\/wp-json\/wp\/v2\/posts"}],"about":[{"href":"https:\/\/centralmedia.rs\/index.php\/wp-json\/wp\/v2\/types\/post"}],"author":[{"embeddable":true,"href":"https:\/\/centralmedia.rs\/index.php\/wp-json\/wp\/v2\/users\/4"}],"replies":[{"embeddable":true,"href":"https:\/\/centralmedia.rs\/index.php\/wp-json\/wp\/v2\/comments?post=12227"}],"version-history":[{"count":4,"href":"https:\/\/centralmedia.rs\/index.php\/wp-json\/wp\/v2\/posts\/12227\/revisions"}],"predecessor-version":[{"id":12247,"href":"https:\/\/centralmedia.rs\/index.php\/wp-json\/wp\/v2\/posts\/12227\/revisions\/12247"}],"wp:featuredmedia":[{"embeddable":true,"href":"https:\/\/centralmedia.rs\/index.php\/wp-json\/wp\/v2\/media\/12228"}],"wp:attachment":[{"href":"https:\/\/centralmedia.rs\/index.php\/wp-json\/wp\/v2\/media?parent=12227"}],"wp:term":[{"taxonomy":"category","embeddable":true,"href":"https:\/\/centralmedia.rs\/index.php\/wp-json\/wp\/v2\/categories?post=12227"},{"taxonomy":"post_tag","embeddable":true,"href":"https:\/\/centralmedia.rs\/index.php\/wp-json\/wp\/v2\/tags?post=12227"}],"curies":[{"name":"wp","href":"https:\/\/api.w.org\/{rel}","templated":true}]}}