{"id":12236,"date":"2018-05-19T11:05:39","date_gmt":"2018-05-19T11:05:39","guid":{"rendered":"http:\/\/centralmedia.rs\/?p=12236"},"modified":"2018-05-20T08:14:20","modified_gmt":"2018-05-20T08:14:20","slug":"kadril-u-cupriji","status":"publish","type":"post","link":"https:\/\/centralmedia.rs\/index.php\/2018\/05\/19\/kadril-u-cupriji\/","title":{"rendered":"KADRIL U \u0106UPRIJI"},"content":{"rendered":"<p>\u0106UPRIJA- Maturanti u \u0106upriji obele\u017eili su zavr\u0161etak \u0161kolovanja maturskim plesom ,,kadrilom&#8221;.<a href=\"https:\/\/centralmedia.rs\/wp-content\/uploads\/2018\/05\/kadril-1.jpg\"><img loading=\"lazy\" decoding=\"async\" class=\"alignright size-medium wp-image-12238\" src=\"https:\/\/centralmedia.rs\/wp-content\/uploads\/2018\/05\/kadril-1-300x225.jpg\" alt=\"\" width=\"300\" height=\"225\" srcset=\"https:\/\/centralmedia.rs\/wp-content\/uploads\/2018\/05\/kadril-1-300x225.jpg 300w, https:\/\/centralmedia.rs\/wp-content\/uploads\/2018\/05\/kadril-1-768x576.jpg 768w, https:\/\/centralmedia.rs\/wp-content\/uploads\/2018\/05\/kadril-1-80x60.jpg 80w, https:\/\/centralmedia.rs\/wp-content\/uploads\/2018\/05\/kadril-1-265x198.jpg 265w, https:\/\/centralmedia.rs\/wp-content\/uploads\/2018\/05\/kadril-1.jpg 900w\" sizes=\"(max-width: 300px) 100vw, 300px\" \/><\/a><\/p>\n<p>&#8211; Drago mi je da vas vidim na \u0107uprijskom trgu i ple\u0161ete sa maturantima iz Evrope u poku\u0161aju da oborite Ginisov rekord. Danas ulazite u novi svet, obaveza i isku\u0161enja. To \u0161to \u0107e te danas lepr\u0161avi, puni energije i ljubavi\u00a0 odigrati maturski ples, isto tako \u0107e te i sutra u drugom ozbiljnijem plesu, koji se zove \u017eivot, odgovoriti obavezema koje budu stale ispred vas. Profesori i roditelji su danas ponosni, ali i ovaj grad, a bi\u0107emo jo\u0161 ponosniji kada budu stizale vesti o va\u0161im uspesima i postignu\u0107ima. Ne znate kuda \u0107e vas \u017eivot odvesti, ali uveren sam da \u0107e te biti uspe\u0161ni i odgovorni, dobri ljudi, jer to ste poneli iz va\u0161ih domova, \u0161kola i \u0106uprije.\u00a0 Znam da \u0107e \u0106uprija uvek imati posebno mesto u va\u0161im srcima, rekao je predsednik SO \u0106uprija Branimir Tazi\u0107<\/p>\n","protected":false},"excerpt":{"rendered":"<p>\u0106UPRIJA- Maturanti u \u0106upriji obele\u017eili su zavr\u0161etak \u0161kolovanja maturskim plesom ,,kadrilom&#8221;. &#8211; Drago mi je da vas vidim na \u0107uprijskom trgu i ple\u0161ete sa maturantima &hellip; <\/p>\n","protected":false},"author":4,"featured_media":12237,"comment_status":"open","ping_status":"open","sticky":false,"template":"","format":"standard","meta":{"footnotes":""},"categories":[1515,1524,2,15,887,12],"tags":[44,2895,1953],"_links":{"self":[{"href":"https:\/\/centralmedia.rs\/index.php\/wp-json\/wp\/v2\/posts\/12236"}],"collection":[{"href":"https:\/\/centralmedia.rs\/index.php\/wp-json\/wp\/v2\/posts"}],"about":[{"href":"https:\/\/centralmedia.rs\/index.php\/wp-json\/wp\/v2\/types\/post"}],"author":[{"embeddable":true,"href":"https:\/\/centralmedia.rs\/index.php\/wp-json\/wp\/v2\/users\/4"}],"replies":[{"embeddable":true,"href":"https:\/\/centralmedia.rs\/index.php\/wp-json\/wp\/v2\/comments?post=12236"}],"version-history":[{"count":4,"href":"https:\/\/centralmedia.rs\/index.php\/wp-json\/wp\/v2\/posts\/12236\/revisions"}],"predecessor-version":[{"id":12253,"href":"https:\/\/centralmedia.rs\/index.php\/wp-json\/wp\/v2\/posts\/12236\/revisions\/12253"}],"wp:featuredmedia":[{"embeddable":true,"href":"https:\/\/centralmedia.rs\/index.php\/wp-json\/wp\/v2\/media\/12237"}],"wp:attachment":[{"href":"https:\/\/centralmedia.rs\/index.php\/wp-json\/wp\/v2\/media?parent=12236"}],"wp:term":[{"taxonomy":"category","embeddable":true,"href":"https:\/\/centralmedia.rs\/index.php\/wp-json\/wp\/v2\/categories?post=12236"},{"taxonomy":"post_tag","embeddable":true,"href":"https:\/\/centralmedia.rs\/index.php\/wp-json\/wp\/v2\/tags?post=12236"}],"curies":[{"name":"wp","href":"https:\/\/api.w.org\/{rel}","templated":true}]}}