{"id":12257,"date":"2018-05-21T15:27:40","date_gmt":"2018-05-21T15:27:40","guid":{"rendered":"http:\/\/centralmedia.rs\/?p=12257"},"modified":"2018-05-21T15:27:40","modified_gmt":"2018-05-21T15:27:40","slug":"vanja-grbic-gost-cuprije","status":"publish","type":"post","link":"https:\/\/centralmedia.rs\/index.php\/2018\/05\/21\/vanja-grbic-gost-cuprije\/","title":{"rendered":"VANJA GRBI\u0106 GOST \u0106UPRIJE"},"content":{"rendered":"<p>\u0106UPRIJA- Drago mi je da sam u \u0106upriji, Lazarevom gradu, moji preci su potomci <a href=\"https:\/\/centralmedia.rs\/wp-content\/uploads\/2018\/05\/eric.jpg\"><img loading=\"lazy\" decoding=\"async\" class=\"alignright size-medium wp-image-12259\" src=\"https:\/\/centralmedia.rs\/wp-content\/uploads\/2018\/05\/eric-300x225.jpg\" alt=\"\" width=\"300\" height=\"225\" srcset=\"https:\/\/centralmedia.rs\/wp-content\/uploads\/2018\/05\/eric-300x225.jpg 300w, https:\/\/centralmedia.rs\/wp-content\/uploads\/2018\/05\/eric-768x576.jpg 768w, https:\/\/centralmedia.rs\/wp-content\/uploads\/2018\/05\/eric-80x60.jpg 80w, https:\/\/centralmedia.rs\/wp-content\/uploads\/2018\/05\/eric-265x198.jpg 265w, https:\/\/centralmedia.rs\/wp-content\/uploads\/2018\/05\/eric.jpg 960w\" sizes=\"(max-width: 300px) 100vw, 300px\" \/><\/a>Hrebeljanovi\u0107a pa mi je tim dra\u017ee, rekao legendarni odbojka\u0161 Vladimir Vanja Grbi\u0107 po dolasku u \u0106upriju. Njega do\u010dekalo kompletno op\u0161tinsko rukovodstvo, a predsednik op\u0161tine Ninoslav Eri\u0107 upoznao je Grbi\u0107a sa sportskim i turisti\u010dkim potencijalima grada na Moravi. Eri\u0107 je istakao da su sve snage usmerene ka po\u010detku radova na atletskoj dvorani, kompletna administrativna procedura je zavr\u0161ena i o\u010dekuje se da ,,koliko sutra zapo\u010denemo izradnju atletskog kompleksa koji \u0107e nositi ime Aleksandra Ace Petrovi\u0107a&#8221;. Sa Grbi\u0107em je u \u0106upriji dr Goran Ne\u0161i\u0107. Njih dvojica \u0107e odr\u017eati predavanje i pokazni trening.<\/p>\n<p>Tekst i foto: TV Pomoravlje<\/p>\n","protected":false},"excerpt":{"rendered":"<p>\u0106UPRIJA- Drago mi je da sam u \u0106upriji, Lazarevom gradu, moji preci su potomci Hrebeljanovi\u0107a pa mi je tim dra\u017ee, rekao legendarni odbojka\u0161 Vladimir Vanja &hellip; <\/p>\n","protected":false},"author":4,"featured_media":12258,"comment_status":"open","ping_status":"open","sticky":false,"template":"","format":"standard","meta":{"footnotes":""},"categories":[1515,1524,2,887,21],"tags":[44,1409,2882],"_links":{"self":[{"href":"https:\/\/centralmedia.rs\/index.php\/wp-json\/wp\/v2\/posts\/12257"}],"collection":[{"href":"https:\/\/centralmedia.rs\/index.php\/wp-json\/wp\/v2\/posts"}],"about":[{"href":"https:\/\/centralmedia.rs\/index.php\/wp-json\/wp\/v2\/types\/post"}],"author":[{"embeddable":true,"href":"https:\/\/centralmedia.rs\/index.php\/wp-json\/wp\/v2\/users\/4"}],"replies":[{"embeddable":true,"href":"https:\/\/centralmedia.rs\/index.php\/wp-json\/wp\/v2\/comments?post=12257"}],"version-history":[{"count":1,"href":"https:\/\/centralmedia.rs\/index.php\/wp-json\/wp\/v2\/posts\/12257\/revisions"}],"predecessor-version":[{"id":12260,"href":"https:\/\/centralmedia.rs\/index.php\/wp-json\/wp\/v2\/posts\/12257\/revisions\/12260"}],"wp:featuredmedia":[{"embeddable":true,"href":"https:\/\/centralmedia.rs\/index.php\/wp-json\/wp\/v2\/media\/12258"}],"wp:attachment":[{"href":"https:\/\/centralmedia.rs\/index.php\/wp-json\/wp\/v2\/media?parent=12257"}],"wp:term":[{"taxonomy":"category","embeddable":true,"href":"https:\/\/centralmedia.rs\/index.php\/wp-json\/wp\/v2\/categories?post=12257"},{"taxonomy":"post_tag","embeddable":true,"href":"https:\/\/centralmedia.rs\/index.php\/wp-json\/wp\/v2\/tags?post=12257"}],"curies":[{"name":"wp","href":"https:\/\/api.w.org\/{rel}","templated":true}]}}