{"id":12266,"date":"2018-05-22T15:54:18","date_gmt":"2018-05-22T15:54:18","guid":{"rendered":"http:\/\/centralmedia.rs\/?p=12266"},"modified":"2018-05-22T15:54:18","modified_gmt":"2018-05-22T15:54:18","slug":"smrt-u-ambisu-rudnika-poginuo-radnik-srpske-fabrike-stakla","status":"publish","type":"post","link":"https:\/\/centralmedia.rs\/index.php\/2018\/05\/22\/smrt-u-ambisu-rudnika-poginuo-radnik-srpske-fabrike-stakla\/","title":{"rendered":"SMRT U AMBISU RUDNIKA &#8211; POGINUO RADNIK SRPSKE FABRIKE STAKLA"},"content":{"rendered":"<p>PARA\u0106IN- Dragan Nedeljkovi\u0107 (48) iz Para\u0107inu smrtno je stradao danas u rudniku Plana Srpske fabrike stakla iz Para\u0107ina. On je upravljaju\u0107i te\u0161kim bagerom sleteo u ambis dubok oko 70 metara i na mestu ostao mrtav.<\/p>\n<p>-Radio na pripremi terena za miniranje, ne znamo kako je do\u0161lo do toga da se bager omakne i surva u ambis. Dragan je bio iskusan radnik, ka\u017eu u SFS.<\/p>\n<p>U tom rudniku SFS kopa kameni agregat za proizvodnju stakla.<\/p>\n<p>&nbsp;<\/p>\n","protected":false},"excerpt":{"rendered":"<p>PARA\u0106IN- Dragan Nedeljkovi\u0107 (48) iz Para\u0107inu smrtno je stradao danas u rudniku Plana Srpske fabrike stakla iz Para\u0107ina. On je upravljaju\u0107i te\u0161kim bagerom sleteo u &hellip; <\/p>\n","protected":false},"author":4,"featured_media":11758,"comment_status":"open","ping_status":"open","sticky":false,"template":"","format":"standard","meta":{"footnotes":""},"categories":[1524,20,2,1516],"tags":[156,2900,158],"_links":{"self":[{"href":"https:\/\/centralmedia.rs\/index.php\/wp-json\/wp\/v2\/posts\/12266"}],"collection":[{"href":"https:\/\/centralmedia.rs\/index.php\/wp-json\/wp\/v2\/posts"}],"about":[{"href":"https:\/\/centralmedia.rs\/index.php\/wp-json\/wp\/v2\/types\/post"}],"author":[{"embeddable":true,"href":"https:\/\/centralmedia.rs\/index.php\/wp-json\/wp\/v2\/users\/4"}],"replies":[{"embeddable":true,"href":"https:\/\/centralmedia.rs\/index.php\/wp-json\/wp\/v2\/comments?post=12266"}],"version-history":[{"count":1,"href":"https:\/\/centralmedia.rs\/index.php\/wp-json\/wp\/v2\/posts\/12266\/revisions"}],"predecessor-version":[{"id":12267,"href":"https:\/\/centralmedia.rs\/index.php\/wp-json\/wp\/v2\/posts\/12266\/revisions\/12267"}],"wp:featuredmedia":[{"embeddable":true,"href":"https:\/\/centralmedia.rs\/index.php\/wp-json\/wp\/v2\/media\/11758"}],"wp:attachment":[{"href":"https:\/\/centralmedia.rs\/index.php\/wp-json\/wp\/v2\/media?parent=12266"}],"wp:term":[{"taxonomy":"category","embeddable":true,"href":"https:\/\/centralmedia.rs\/index.php\/wp-json\/wp\/v2\/categories?post=12266"},{"taxonomy":"post_tag","embeddable":true,"href":"https:\/\/centralmedia.rs\/index.php\/wp-json\/wp\/v2\/tags?post=12266"}],"curies":[{"name":"wp","href":"https:\/\/api.w.org\/{rel}","templated":true}]}}