{"id":12270,"date":"2018-05-22T17:21:04","date_gmt":"2018-05-22T17:21:04","guid":{"rendered":"http:\/\/centralmedia.rs\/?p=12270"},"modified":"2018-05-22T17:21:04","modified_gmt":"2018-05-22T17:21:04","slug":"laketic-predlozio-clanove-komisije-medju-predlozenima-poslanica-sps-iz-svilajnaca-dr-danijela-stojadinovic","status":"publish","type":"post","link":"https:\/\/centralmedia.rs\/index.php\/2018\/05\/22\/laketic-predlozio-clanove-komisije-medju-predlozenima-poslanica-sps-iz-svilajnaca-dr-danijela-stojadinovic\/","title":{"rendered":"LAKETI\u0106 PREDLO\u017dIO \u010cLANOVE KOMISIJE &#8211; ME\u0110U PREDLO\u017dENIMA POSLANICA SPS IZ SVILAJNACA DR DANIJELA STOJADINOVI\u0106"},"content":{"rendered":"<p>BEOGRAD- Predsednik Komisije za istragu posledica NATO bombradovanja 1999. godine po zdravlje ljudi i na \u017eivotnu sredinu, Darko Laketi\u0107, podneo je danas skup\u0161tini predlog za izbor \u010dlanova te komisije, \u0161to \u0107e biti uvr\u0161teno u dnevni red aktuelne sednice.<\/p>\n<p>Laketi\u0107 je predlo\u017eio je Ivanu Stojiljkovi\u0107, predsednicu Odbora za za\u0161titu \u017eivotne sredine, za zamenicu predsednika Komisije, a za \u010dlanove narodne poslanike Milovana Drecuna, Danijelu Stojadinovi\u0107, Gordanu \u010comi\u0107, Dragana Vesovi\u0107a i Dubravka Boji\u0107a.<\/p>\n<p>Predlog odluke o izboru \u010dlanova Komisije bi\u0107e uvr\u0161ten na dnevni red aktuelne sednice Narodne skup\u0161tine, kako bi se obezbedili uslovi da Komisija po\u010dne sa radom u \u0161to kra\u0107em roku.<\/p>\n","protected":false},"excerpt":{"rendered":"<p>BEOGRAD- Predsednik Komisije za istragu posledica NATO bombradovanja 1999. godine po zdravlje ljudi i na \u017eivotnu sredinu, Darko Laketi\u0107, podneo je danas skup\u0161tini predlog za &hellip; <\/p>\n","protected":false},"author":4,"featured_media":12271,"comment_status":"open","ping_status":"open","sticky":false,"template":"","format":"standard","meta":{"footnotes":""},"categories":[1524,2,13,887,12,1517],"tags":[2902,1728,2901,38],"_links":{"self":[{"href":"https:\/\/centralmedia.rs\/index.php\/wp-json\/wp\/v2\/posts\/12270"}],"collection":[{"href":"https:\/\/centralmedia.rs\/index.php\/wp-json\/wp\/v2\/posts"}],"about":[{"href":"https:\/\/centralmedia.rs\/index.php\/wp-json\/wp\/v2\/types\/post"}],"author":[{"embeddable":true,"href":"https:\/\/centralmedia.rs\/index.php\/wp-json\/wp\/v2\/users\/4"}],"replies":[{"embeddable":true,"href":"https:\/\/centralmedia.rs\/index.php\/wp-json\/wp\/v2\/comments?post=12270"}],"version-history":[{"count":1,"href":"https:\/\/centralmedia.rs\/index.php\/wp-json\/wp\/v2\/posts\/12270\/revisions"}],"predecessor-version":[{"id":12272,"href":"https:\/\/centralmedia.rs\/index.php\/wp-json\/wp\/v2\/posts\/12270\/revisions\/12272"}],"wp:featuredmedia":[{"embeddable":true,"href":"https:\/\/centralmedia.rs\/index.php\/wp-json\/wp\/v2\/media\/12271"}],"wp:attachment":[{"href":"https:\/\/centralmedia.rs\/index.php\/wp-json\/wp\/v2\/media?parent=12270"}],"wp:term":[{"taxonomy":"category","embeddable":true,"href":"https:\/\/centralmedia.rs\/index.php\/wp-json\/wp\/v2\/categories?post=12270"},{"taxonomy":"post_tag","embeddable":true,"href":"https:\/\/centralmedia.rs\/index.php\/wp-json\/wp\/v2\/tags?post=12270"}],"curies":[{"name":"wp","href":"https:\/\/api.w.org\/{rel}","templated":true}]}}