{"id":12281,"date":"2018-05-24T12:04:16","date_gmt":"2018-05-24T12:04:16","guid":{"rendered":"http:\/\/centralmedia.rs\/?p=12281"},"modified":"2018-05-24T12:04:16","modified_gmt":"2018-05-24T12:04:16","slug":"sindjelicevi-dani-2018-u-svilajncu","status":"publish","type":"post","link":"https:\/\/centralmedia.rs\/index.php\/2018\/05\/24\/sindjelicevi-dani-2018-u-svilajncu\/","title":{"rendered":"&#8220;SIN\u0110ELI\u0106EVI DANI 2018.&#8221; U SVILAJNCU"},"content":{"rendered":"<p>SVILAJNAC- ,,Sin\u0111eli\u0107evi dani 2018. odr\u017eavaju se od 30. maja od 1. juna u Svilajncu.<\/p>\n<p>*30. maj, sreda<\/p>\n<p>&#8211; 19 sati, Trg Stevana Sin\u0111eli\u0107a<br \/>\nPolaganje venaca na spomenik Stevanu Sin\u0111eli\u0107u<\/p>\n<p>&#8211; 20 sati, Ku\u0107a Stevana Sin\u0111eli\u0107a<br \/>\nProgram u\u010denika osnovne \u0161kole \u201eJovan Jovanovi\u0107 Zmaj\u201c iz Svilajnca i izdvojenog odeljenja u Grabovcu.<br \/>\nPozori\u0161na predstava<br \/>\n\u201eVreme \u010dasti i ponosa\u201c<br \/>\nTekst: Mi\u0107a \u017divojinovi\u0107<br \/>\nVojvode Stepu Stepanovi\u0107a i \u017divojina Mi\u0161i\u0107a tuma\u010de dramski umetnici Narodnog pozori\u0161ta u Beogradu, Lepomir Ivkovi\u0107 i Bo\u0161ko Puleti\u0107.<\/p>\n<p>*31. maj, \u010detvrtak<\/p>\n<p>&#8211; 20 sati, Centar za kulturu Svilajnac<br \/>\nOtvaranje izlo\u017ebe<br \/>\n&#8220;Umeni\u010dka zbirka Srpske akademije nauka i umetnosti \u2013<br \/>\nlikovni umetnici akademici&#8221;<\/p>\n<p>Izlo\u017eena zbirka sastoji se od pedeset radova umetnika koji su bili \u010dlanovi SANU i predstavlja reprezentativan presek srpske istorije umetnosti. Hronolo\u0161ki prati period od za\u010detaka kolekcije posle osnivanja Dru\u0161tva srpske slovesnosti (1841) do dana\u0161njih dana.<\/p>\n<p>*1. jun, petak<\/p>\n<p>&#8211; 20 sati, Centar za kulturu Svilajnac<br \/>\nKoncert guda\u010dkog orkestra<br \/>\n&#8220;Kraljevski guda\u010di Svetog \u0110or\u0111a&#8221;<br \/>\nSolista: Nevena Milo\u0161evi\u0107, sopran<\/p>\n","protected":false},"excerpt":{"rendered":"<p>SVILAJNAC- ,,Sin\u0111eli\u0107evi dani 2018. odr\u017eavaju se od 30. maja od 1. juna u Svilajncu. *30. maj, sreda &#8211; 19 sati, Trg Stevana Sin\u0111eli\u0107a Polaganje venaca &hellip; <\/p>\n","protected":false},"author":4,"featured_media":12282,"comment_status":"open","ping_status":"open","sticky":false,"template":"","format":"standard","meta":{"footnotes":""},"categories":[1524,2,15,887,12,1517],"tags":[2905],"_links":{"self":[{"href":"https:\/\/centralmedia.rs\/index.php\/wp-json\/wp\/v2\/posts\/12281"}],"collection":[{"href":"https:\/\/centralmedia.rs\/index.php\/wp-json\/wp\/v2\/posts"}],"about":[{"href":"https:\/\/centralmedia.rs\/index.php\/wp-json\/wp\/v2\/types\/post"}],"author":[{"embeddable":true,"href":"https:\/\/centralmedia.rs\/index.php\/wp-json\/wp\/v2\/users\/4"}],"replies":[{"embeddable":true,"href":"https:\/\/centralmedia.rs\/index.php\/wp-json\/wp\/v2\/comments?post=12281"}],"version-history":[{"count":1,"href":"https:\/\/centralmedia.rs\/index.php\/wp-json\/wp\/v2\/posts\/12281\/revisions"}],"predecessor-version":[{"id":12283,"href":"https:\/\/centralmedia.rs\/index.php\/wp-json\/wp\/v2\/posts\/12281\/revisions\/12283"}],"wp:featuredmedia":[{"embeddable":true,"href":"https:\/\/centralmedia.rs\/index.php\/wp-json\/wp\/v2\/media\/12282"}],"wp:attachment":[{"href":"https:\/\/centralmedia.rs\/index.php\/wp-json\/wp\/v2\/media?parent=12281"}],"wp:term":[{"taxonomy":"category","embeddable":true,"href":"https:\/\/centralmedia.rs\/index.php\/wp-json\/wp\/v2\/categories?post=12281"},{"taxonomy":"post_tag","embeddable":true,"href":"https:\/\/centralmedia.rs\/index.php\/wp-json\/wp\/v2\/tags?post=12281"}],"curies":[{"name":"wp","href":"https:\/\/api.w.org\/{rel}","templated":true}]}}