{"id":12292,"date":"2018-05-25T10:08:48","date_gmt":"2018-05-25T10:08:48","guid":{"rendered":"http:\/\/centralmedia.rs\/?p=12292"},"modified":"2018-05-25T10:08:48","modified_gmt":"2018-05-25T10:08:48","slug":"hitni-roditeljski-sastanci-u-jagodini-prosvetari-sa-roditeljima-o-hells-angels","status":"publish","type":"post","link":"https:\/\/centralmedia.rs\/index.php\/2018\/05\/25\/hitni-roditeljski-sastanci-u-jagodini-prosvetari-sa-roditeljima-o-hells-angels\/","title":{"rendered":"HITNI RODITELJSKI SASTANCI  U JAGODINI &#8211; PROSVETARI SA RODITELJIMA O ,,HELLS ANGELS&#8221;"},"content":{"rendered":"<p>JAGODINA- Povodom svetskog skupa ,,Hells Angels&#8221; u Jagodini od 29.maja \u00a0do 5. juna prosvetne vlasti na sastanku sa direktorima \u0161kola apelovali su da odr\u017ee roditeljske sastanke i da uti\u010du na smirivanje nastalih tenzija u gra\u0111anstvu, odnosno preporuka je da razredne stare\u0161ine u razgovoru sa roditeljima daju afirmativna obave\u0161tenja i odgovore vezane za najavljeni bajkerski skup.<a href=\"https:\/\/centralmedia.rs\/wp-content\/uploads\/2018\/05\/humanitarci.jpg\"><img loading=\"lazy\" decoding=\"async\" class=\"alignright size-medium wp-image-12294\" src=\"https:\/\/centralmedia.rs\/wp-content\/uploads\/2018\/05\/humanitarci-300x151.jpg\" alt=\"\" width=\"300\" height=\"151\" srcset=\"https:\/\/centralmedia.rs\/wp-content\/uploads\/2018\/05\/humanitarci-300x151.jpg 300w, https:\/\/centralmedia.rs\/wp-content\/uploads\/2018\/05\/humanitarci-768x387.jpg 768w, https:\/\/centralmedia.rs\/wp-content\/uploads\/2018\/05\/humanitarci.jpg 912w\" sizes=\"(max-width: 300px) 100vw, 300px\" \/><\/a><\/p>\n<p>-Organizova\u0107emo sastanke sa roditeljima, gde \u0107emo saop\u0161titi da \u0161kole normalno rade u tom periodu i da se ne\u0107e dogoditi nikakvo \u010dudo u Jagodini. Ne\u0107emo organizovati maturske zabave, zbog buke i gu\u017eve koja se o\u010dekuje u tom delu grada, jer na\u0161i u\u010denici tradicionalno tamo odlaze posle zabava, ka\u017ee direktorka O\u0160 17. oktobar Biljana Milanovi\u0107.<\/p>\n<p>Direktorima \u0161kola je saop\u0161teno da su bezbedonosne provere bajkera, koji dolaze na skup u Jagodini, obavili MUP Srbija i BIA, odnosno oni garantuju da se ne\u0107e dogoditi ni\u0161ta od pri\u010da o negativnoj reputaciji An\u0111ela pakla kojima ovih dana ,,pla\u0161e&#8221; Jagodince.<\/p>\n","protected":false},"excerpt":{"rendered":"<p>JAGODINA- Povodom svetskog skupa ,,Hells Angels&#8221; u Jagodini od 29.maja \u00a0do 5. juna prosvetne vlasti na sastanku sa direktorima \u0161kola apelovali su da odr\u017ee roditeljske &hellip; <\/p>\n","protected":false},"author":4,"featured_media":12293,"comment_status":"open","ping_status":"open","sticky":false,"template":"","format":"standard","meta":{"footnotes":""},"categories":[14,1524,2,1514,12],"tags":[2899,58,662],"_links":{"self":[{"href":"https:\/\/centralmedia.rs\/index.php\/wp-json\/wp\/v2\/posts\/12292"}],"collection":[{"href":"https:\/\/centralmedia.rs\/index.php\/wp-json\/wp\/v2\/posts"}],"about":[{"href":"https:\/\/centralmedia.rs\/index.php\/wp-json\/wp\/v2\/types\/post"}],"author":[{"embeddable":true,"href":"https:\/\/centralmedia.rs\/index.php\/wp-json\/wp\/v2\/users\/4"}],"replies":[{"embeddable":true,"href":"https:\/\/centralmedia.rs\/index.php\/wp-json\/wp\/v2\/comments?post=12292"}],"version-history":[{"count":1,"href":"https:\/\/centralmedia.rs\/index.php\/wp-json\/wp\/v2\/posts\/12292\/revisions"}],"predecessor-version":[{"id":12295,"href":"https:\/\/centralmedia.rs\/index.php\/wp-json\/wp\/v2\/posts\/12292\/revisions\/12295"}],"wp:featuredmedia":[{"embeddable":true,"href":"https:\/\/centralmedia.rs\/index.php\/wp-json\/wp\/v2\/media\/12293"}],"wp:attachment":[{"href":"https:\/\/centralmedia.rs\/index.php\/wp-json\/wp\/v2\/media?parent=12292"}],"wp:term":[{"taxonomy":"category","embeddable":true,"href":"https:\/\/centralmedia.rs\/index.php\/wp-json\/wp\/v2\/categories?post=12292"},{"taxonomy":"post_tag","embeddable":true,"href":"https:\/\/centralmedia.rs\/index.php\/wp-json\/wp\/v2\/tags?post=12292"}],"curies":[{"name":"wp","href":"https:\/\/api.w.org\/{rel}","templated":true}]}}