{"id":12296,"date":"2018-05-25T10:16:36","date_gmt":"2018-05-25T10:16:36","guid":{"rendered":"http:\/\/centralmedia.rs\/?p=12296"},"modified":"2018-05-25T10:16:36","modified_gmt":"2018-05-25T10:16:36","slug":"saopstenje-opstine-paracin-2","status":"publish","type":"post","link":"https:\/\/centralmedia.rs\/index.php\/2018\/05\/25\/saopstenje-opstine-paracin-2\/","title":{"rendered":"SAOP\u0160TENJE OP\u0160TINE PARA\u0106IN"},"content":{"rendered":"<p>Odsek za informisanje SO Para\u0107in saop\u0161tio je da je prihva\u0107en zahtev Op\u0161tine Para\u0107in kome se pridru\u017eio Grad \u0160abac da se pozove Kongres lokalnih i regionalnih vlasti Saveta Evrope da u okviru svojih nadle\u017enosti organizuje misiju za utvr\u0111ivanje \u010dinjenica o stanju lokalne demokratije u Srbiji. Komitet za monitoring Kongresa lokalnih i regionalnih vlasti je potvrdio da \u0107e ovaj zahtev razmatrati na sastanku koji \u0107e biti odr\u017ean 28.juna 2018.godine u Istanbulu. Predsednik op\u0161tine Para\u0107in Sa\u0161a Paunovi\u0107 je pozvan da tim povodom na sastanku Komiteta za monitoring u Istanbulu odr\u017ei prezentaciju o organizovanim i sinhronizovanim napadima koje uz zloupotrebu dr\u017eavnih institucija i &#8221;medija&#8221; vr\u0161i Srpska napredna stranka.<\/p>\n<p><strong>\u00a0<\/strong><\/p>\n<p>&nbsp;<\/p>\n","protected":false},"excerpt":{"rendered":"<p>Odsek za informisanje SO Para\u0107in saop\u0161tio je da je prihva\u0107en zahtev Op\u0161tine Para\u0107in kome se pridru\u017eio Grad \u0160abac da se pozove Kongres lokalnih i regionalnih &hellip; <\/p>\n","protected":false},"author":4,"featured_media":11816,"comment_status":"open","ping_status":"open","sticky":false,"template":"","format":"standard","meta":{"footnotes":""},"categories":[1524,2,1516,13,887,12],"tags":[2909,156,2104],"_links":{"self":[{"href":"https:\/\/centralmedia.rs\/index.php\/wp-json\/wp\/v2\/posts\/12296"}],"collection":[{"href":"https:\/\/centralmedia.rs\/index.php\/wp-json\/wp\/v2\/posts"}],"about":[{"href":"https:\/\/centralmedia.rs\/index.php\/wp-json\/wp\/v2\/types\/post"}],"author":[{"embeddable":true,"href":"https:\/\/centralmedia.rs\/index.php\/wp-json\/wp\/v2\/users\/4"}],"replies":[{"embeddable":true,"href":"https:\/\/centralmedia.rs\/index.php\/wp-json\/wp\/v2\/comments?post=12296"}],"version-history":[{"count":1,"href":"https:\/\/centralmedia.rs\/index.php\/wp-json\/wp\/v2\/posts\/12296\/revisions"}],"predecessor-version":[{"id":12297,"href":"https:\/\/centralmedia.rs\/index.php\/wp-json\/wp\/v2\/posts\/12296\/revisions\/12297"}],"wp:featuredmedia":[{"embeddable":true,"href":"https:\/\/centralmedia.rs\/index.php\/wp-json\/wp\/v2\/media\/11816"}],"wp:attachment":[{"href":"https:\/\/centralmedia.rs\/index.php\/wp-json\/wp\/v2\/media?parent=12296"}],"wp:term":[{"taxonomy":"category","embeddable":true,"href":"https:\/\/centralmedia.rs\/index.php\/wp-json\/wp\/v2\/categories?post=12296"},{"taxonomy":"post_tag","embeddable":true,"href":"https:\/\/centralmedia.rs\/index.php\/wp-json\/wp\/v2\/tags?post=12296"}],"curies":[{"name":"wp","href":"https:\/\/api.w.org\/{rel}","templated":true}]}}