{"id":12312,"date":"2018-05-27T18:11:59","date_gmt":"2018-05-27T18:11:59","guid":{"rendered":"http:\/\/centralmedia.rs\/?p=12312"},"modified":"2018-05-27T18:12:49","modified_gmt":"2018-05-27T18:12:49","slug":"odrzani-dani-gljiva-cuprija-2018","status":"publish","type":"post","link":"https:\/\/centralmedia.rs\/index.php\/2018\/05\/27\/odrzani-dani-gljiva-cuprija-2018\/","title":{"rendered":"ODR\u017dANI DANI GLJIVA  &#8211; \u0106UPRIJA 2018."},"content":{"rendered":"<p>\u0106UPRIJA- Udru\u017eenja gljivara i ljubitelja prirode \u201eGorun\u201c iz \u0106uprije organizovalo je u protekla dva dana 3. Me\u0111unarodni dani gljiva \u0106uprija 2018. U berbi je u\u010destvovalo je 50 gljivara iz 17 udru\u017eenja.<a href=\"https:\/\/centralmedia.rs\/wp-content\/uploads\/2018\/05\/dani-gljiva.jpg\"><img loading=\"lazy\" decoding=\"async\" class=\"alignright size-medium wp-image-12314\" src=\"https:\/\/centralmedia.rs\/wp-content\/uploads\/2018\/05\/dani-gljiva-300x169.jpg\" alt=\"\" width=\"300\" height=\"169\" srcset=\"https:\/\/centralmedia.rs\/wp-content\/uploads\/2018\/05\/dani-gljiva-300x169.jpg 300w, https:\/\/centralmedia.rs\/wp-content\/uploads\/2018\/05\/dani-gljiva-768x432.jpg 768w, https:\/\/centralmedia.rs\/wp-content\/uploads\/2018\/05\/dani-gljiva.jpg 960w\" sizes=\"(max-width: 300px) 100vw, 300px\" \/><\/a><\/p>\n<p>&#8211; U ataru sela Paljana odr\u017eana je radionica ,,Mala \u0161kola gljivarstva\u201c za najmla\u0111e posetioce i organizovan odlazak na terene radi prikupljanja eksponata za izlo\u017ebu gljiva. Izlo\u017eba gljiva odr\u017eana je danas u Moravskom parku. ka\u017ee predsednik ,,Goruna&#8221; Radmilo Peci\u0107.<\/p>\n<p>Postavku izlo\u017ebe u \u0106upriji \u0107e vodoti kandidat za determinatora Du\u0161an Vu\u010di\u0107 iz GD Ni\u0161. Udru\u017eenje gljivara i ljubitelja prirode \u201eGORUN\u201c je ekolo\u0161ko udru\u017eenje koje se prvenstveno bavi prou\u010davanjem i za\u0161titom samoniklih gljiva, ali i istra\u017eivanjem i prou\u010davanjem lekovitog i drugog bilja, \u0161umskog vo\u0107a, ptica, i ostalog bogatstva kojom obiluje priroda na\u0161ih krajeva.<\/p>\n<p>&nbsp;<\/p>\n<p>&nbsp;<\/p>\n","protected":false},"excerpt":{"rendered":"<p>\u0106UPRIJA- Udru\u017eenja gljivara i ljubitelja prirode \u201eGorun\u201c iz \u0106uprije organizovalo je u protekla dva dana 3. Me\u0111unarodni dani gljiva \u0106uprija 2018. U berbi je u\u010destvovalo &hellip; <\/p>\n","protected":false},"author":4,"featured_media":12313,"comment_status":"open","ping_status":"open","sticky":false,"template":"","format":"standard","meta":{"footnotes":""},"categories":[1515,1524,2,16,12],"tags":[2915,2914],"_links":{"self":[{"href":"https:\/\/centralmedia.rs\/index.php\/wp-json\/wp\/v2\/posts\/12312"}],"collection":[{"href":"https:\/\/centralmedia.rs\/index.php\/wp-json\/wp\/v2\/posts"}],"about":[{"href":"https:\/\/centralmedia.rs\/index.php\/wp-json\/wp\/v2\/types\/post"}],"author":[{"embeddable":true,"href":"https:\/\/centralmedia.rs\/index.php\/wp-json\/wp\/v2\/users\/4"}],"replies":[{"embeddable":true,"href":"https:\/\/centralmedia.rs\/index.php\/wp-json\/wp\/v2\/comments?post=12312"}],"version-history":[{"count":2,"href":"https:\/\/centralmedia.rs\/index.php\/wp-json\/wp\/v2\/posts\/12312\/revisions"}],"predecessor-version":[{"id":12316,"href":"https:\/\/centralmedia.rs\/index.php\/wp-json\/wp\/v2\/posts\/12312\/revisions\/12316"}],"wp:featuredmedia":[{"embeddable":true,"href":"https:\/\/centralmedia.rs\/index.php\/wp-json\/wp\/v2\/media\/12313"}],"wp:attachment":[{"href":"https:\/\/centralmedia.rs\/index.php\/wp-json\/wp\/v2\/media?parent=12312"}],"wp:term":[{"taxonomy":"category","embeddable":true,"href":"https:\/\/centralmedia.rs\/index.php\/wp-json\/wp\/v2\/categories?post=12312"},{"taxonomy":"post_tag","embeddable":true,"href":"https:\/\/centralmedia.rs\/index.php\/wp-json\/wp\/v2\/tags?post=12312"}],"curies":[{"name":"wp","href":"https:\/\/api.w.org\/{rel}","templated":true}]}}