{"id":12317,"date":"2018-05-28T14:31:44","date_gmt":"2018-05-28T14:31:44","guid":{"rendered":"http:\/\/centralmedia.rs\/?p=12317"},"modified":"2018-05-28T14:31:44","modified_gmt":"2018-05-28T14:31:44","slug":"dom-ucenika-srednjih-skola-srecno-najbolja-godina","status":"publish","type":"post","link":"https:\/\/centralmedia.rs\/index.php\/2018\/05\/28\/dom-ucenika-srednjih-skola-srecno-najbolja-godina\/","title":{"rendered":"DOM U\u010cENIKA SREDNJIH \u0160KOLA SRE\u0106NO &#8211; NAJBOLJA GODINA"},"content":{"rendered":"<p>\u0106UPRIJA- Godina za nama je najuspe\u0161nija u istoriji postojanja, kazala direktorka Doma u\u010denika srednjih \u0161kola Sre\u0107no iz \u0106uprija Tatjana Milojevi\u0107 na zavr\u0161noj priredbi.<\/p>\n<p>-Uspesi u\u010denika bili su najbolji od osnivanja Doma, kako na regionalnom tako i na nacionalnom nivou, imam sve razloge da budem ponosna sa svim u\u010denicima i zaposlenima. Pobede su ostvarene i u organizaciji rada doma i uslovima boravka u\u010denika. Pobolj\u0161ali smo bezbednost ugradnjom sigurnosnih vrata, zamenili kompletnu unutra\u0161nju stolariju i svetlarnik, me\u0111u prvima u Srbiji pokrenuli smo sistem za izbor obroka. Odvajanjem kuhinjskog bloka od trpezarije omogu\u0107ili smo primenu svih zahteva HACCP-a i dobili nov prostor za razli\u010dite aktivnosti. Napravili smo i korak napred u podizanju standarda uvo\u0111enjem najnovijeg sistema ISO 9001 \u2013 2015. Prijem i nagrade za maturante, tradicionalna nagradna ekskurzija, redovna edukativna predavanja i zabavne ve\u010deri nezaobilazni su doga\u0111aji u domu. Najve\u0107a nagrada za zaposlene u ovoj ustanovi su nasmejana lica u\u010denika i ose\u0107aj pripadnosti jednoj maloj \u2013 velikoj zajednici koja se zove Dom u\u010denika srednjih \u0161kola \u201cSre\u0107no\u201d, kazala je ona.<\/p>\n<p>Na zarv\u0161noj priredbu uru\u010dene su zahvalnice pojedincima i ustanovama koje podr\u017eavaju rad Doma.<\/p>\n<p>&nbsp;<\/p>\n","protected":false},"excerpt":{"rendered":"<p>\u0106UPRIJA- Godina za nama je najuspe\u0161nija u istoriji postojanja, kazala direktorka Doma u\u010denika srednjih \u0161kola Sre\u0107no iz \u0106uprija Tatjana Milojevi\u0107 na zavr\u0161noj priredbi. -Uspesi u\u010denika &hellip; <\/p>\n","protected":false},"author":4,"featured_media":12318,"comment_status":"open","ping_status":"open","sticky":false,"template":"","format":"standard","meta":{"footnotes":""},"categories":[1515,14,1524,2,887,12],"tags":[44,1815],"_links":{"self":[{"href":"https:\/\/centralmedia.rs\/index.php\/wp-json\/wp\/v2\/posts\/12317"}],"collection":[{"href":"https:\/\/centralmedia.rs\/index.php\/wp-json\/wp\/v2\/posts"}],"about":[{"href":"https:\/\/centralmedia.rs\/index.php\/wp-json\/wp\/v2\/types\/post"}],"author":[{"embeddable":true,"href":"https:\/\/centralmedia.rs\/index.php\/wp-json\/wp\/v2\/users\/4"}],"replies":[{"embeddable":true,"href":"https:\/\/centralmedia.rs\/index.php\/wp-json\/wp\/v2\/comments?post=12317"}],"version-history":[{"count":1,"href":"https:\/\/centralmedia.rs\/index.php\/wp-json\/wp\/v2\/posts\/12317\/revisions"}],"predecessor-version":[{"id":12319,"href":"https:\/\/centralmedia.rs\/index.php\/wp-json\/wp\/v2\/posts\/12317\/revisions\/12319"}],"wp:featuredmedia":[{"embeddable":true,"href":"https:\/\/centralmedia.rs\/index.php\/wp-json\/wp\/v2\/media\/12318"}],"wp:attachment":[{"href":"https:\/\/centralmedia.rs\/index.php\/wp-json\/wp\/v2\/media?parent=12317"}],"wp:term":[{"taxonomy":"category","embeddable":true,"href":"https:\/\/centralmedia.rs\/index.php\/wp-json\/wp\/v2\/categories?post=12317"},{"taxonomy":"post_tag","embeddable":true,"href":"https:\/\/centralmedia.rs\/index.php\/wp-json\/wp\/v2\/tags?post=12317"}],"curies":[{"name":"wp","href":"https:\/\/api.w.org\/{rel}","templated":true}]}}