{"id":12326,"date":"2018-05-28T14:56:23","date_gmt":"2018-05-28T14:56:23","guid":{"rendered":"http:\/\/centralmedia.rs\/?p=12326"},"modified":"2018-05-28T14:56:23","modified_gmt":"2018-05-28T14:56:23","slug":"u-paracinu-koncerti-muzickih-talenata-iz-cuprije","status":"publish","type":"post","link":"https:\/\/centralmedia.rs\/index.php\/2018\/05\/28\/u-paracinu-koncerti-muzickih-talenata-iz-cuprije\/","title":{"rendered":"U PARA\u0106INU KONCERTI MUZI\u010cKIH TALENATA IZ \u0106UPRIJE"},"content":{"rendered":"<p>PARA\u0106IN- Milena Stoiljkovi\u0107 i Anja Milo\u0161evi\u0107 diplomci viole \u0160kole za muzi\u010dke talente u \u0106upriji odr\u017ea\u0107e koncert u Galeriji Kulturnog centra u Para\u0107inu u utorak u 19 \u010dasova. Re\u010d je o klasi profesora Milo\u0161a Simi\u0107a.\u00a0Klavirski saradnik-prof.Zoran Gavrilovi\u0107, a na programu su dela Baha, Hofmaestera, Palaska, \u0160umana, Glazunova, Rola, Martina.<\/p>\n<p>U Pozori\u0161tu u Para\u0107inu u sredu u 19 \u010dasova je solisti\u010dki koncert Pavle Rako\u010devi\u0107 &#8211; violon\u010delo, u\u010denika\u00a0\u0160kola za muzi\u010dke talente iz \u0106uprije.\u00a0Klasa prof. Bo\u017ea Saramandi\u0107a<br \/>\nUmetni\u010dka saradnja prof. Zoran Gavrilovi\u0107, gost kvartet Alla brave Klasa prof. Dragan Mir\u010di\u0107.\u00a0Na programu su dela I. Baji\u0107, J. S. Bah, M. Bruh, D. Poper, P. \u010cajkovski<\/p>\n<p>Ulaz slobodan<\/p>\n","protected":false},"excerpt":{"rendered":"<p>PARA\u0106IN- Milena Stoiljkovi\u0107 i Anja Milo\u0161evi\u0107 diplomci viole \u0160kole za muzi\u010dke talente u \u0106upriji odr\u017ea\u0107e koncert u Galeriji Kulturnog centra u Para\u0107inu u utorak u &hellip; <\/p>\n","protected":false},"author":4,"featured_media":12327,"comment_status":"open","ping_status":"open","sticky":false,"template":"","format":"standard","meta":{"footnotes":""},"categories":[1524,2,15,1516,887,12],"tags":[44,156,1364],"_links":{"self":[{"href":"https:\/\/centralmedia.rs\/index.php\/wp-json\/wp\/v2\/posts\/12326"}],"collection":[{"href":"https:\/\/centralmedia.rs\/index.php\/wp-json\/wp\/v2\/posts"}],"about":[{"href":"https:\/\/centralmedia.rs\/index.php\/wp-json\/wp\/v2\/types\/post"}],"author":[{"embeddable":true,"href":"https:\/\/centralmedia.rs\/index.php\/wp-json\/wp\/v2\/users\/4"}],"replies":[{"embeddable":true,"href":"https:\/\/centralmedia.rs\/index.php\/wp-json\/wp\/v2\/comments?post=12326"}],"version-history":[{"count":1,"href":"https:\/\/centralmedia.rs\/index.php\/wp-json\/wp\/v2\/posts\/12326\/revisions"}],"predecessor-version":[{"id":12328,"href":"https:\/\/centralmedia.rs\/index.php\/wp-json\/wp\/v2\/posts\/12326\/revisions\/12328"}],"wp:featuredmedia":[{"embeddable":true,"href":"https:\/\/centralmedia.rs\/index.php\/wp-json\/wp\/v2\/media\/12327"}],"wp:attachment":[{"href":"https:\/\/centralmedia.rs\/index.php\/wp-json\/wp\/v2\/media?parent=12326"}],"wp:term":[{"taxonomy":"category","embeddable":true,"href":"https:\/\/centralmedia.rs\/index.php\/wp-json\/wp\/v2\/categories?post=12326"},{"taxonomy":"post_tag","embeddable":true,"href":"https:\/\/centralmedia.rs\/index.php\/wp-json\/wp\/v2\/tags?post=12326"}],"curies":[{"name":"wp","href":"https:\/\/api.w.org\/{rel}","templated":true}]}}