{"id":12360,"date":"2018-05-31T16:50:55","date_gmt":"2018-05-31T16:50:55","guid":{"rendered":"http:\/\/centralmedia.rs\/?p=12360"},"modified":"2018-05-31T16:50:55","modified_gmt":"2018-05-31T16:50:55","slug":"sindjelicevi-dani-u-svilajncu","status":"publish","type":"post","link":"https:\/\/centralmedia.rs\/index.php\/2018\/05\/31\/sindjelicevi-dani-u-svilajncu\/","title":{"rendered":"SIN\u0110ELI\u0106EVI DANI U SVILAJNCU"},"content":{"rendered":"<p>SVILAJNAC- Sino\u0107 su u Ku\u0107i Stevana Sin\u0111eli\u0107a u Grabovcu otvoreni 23. \u201eSin\u0111eli\u0107evi dani\u201c sve\u010danim programom u\u010denika O\u0160 \u201eJovan Jovanovi\u0107 Zmaj\u201c i isturenog odeljenja u Grabovcu i pozori\u0161nom predstavom \u201eVreme \u010dasti i ponosa\u201c, u kojoj ulogu \u017divojina Mi\u0161i\u0107a i Stepe Stepanovi\u0107e tuma\u010de dramski umetnici Narodnog pozori\u0161ta Bo\u0161ko Puleti\u0107 i Lepomir Ivkovi\u0107, a narator je Mi\u0107a \u017divojinovi\u0107. Sin\u0111eli\u0107eve dane je otvorio Miroslav Marinkovi\u0107, zamenik predsednika Skup\u0161tine op\u0161tine<span class=\"text_exposed_show\">\u00a0Svilajnac.<a href=\"https:\/\/centralmedia.rs\/wp-content\/uploads\/2018\/05\/polaganje-venca.jpg\"><img loading=\"lazy\" decoding=\"async\" class=\"alignright size-medium wp-image-12362\" src=\"https:\/\/centralmedia.rs\/wp-content\/uploads\/2018\/05\/polaganje-venca-300x200.jpg\" alt=\"\" width=\"300\" height=\"200\" srcset=\"https:\/\/centralmedia.rs\/wp-content\/uploads\/2018\/05\/polaganje-venca-300x200.jpg 300w, https:\/\/centralmedia.rs\/wp-content\/uploads\/2018\/05\/polaganje-venca-768x512.jpg 768w, https:\/\/centralmedia.rs\/wp-content\/uploads\/2018\/05\/polaganje-venca-1024x683.jpg 1024w, https:\/\/centralmedia.rs\/wp-content\/uploads\/2018\/05\/polaganje-venca.jpg 2048w\" sizes=\"(max-width: 300px) 100vw, 300px\" \/><\/a><br \/>\nPre toga odr\u017eano je simboli\u010dno polaganje venaca na Spomenik Stevanu Sin\u0111eli\u0107u, a vence su polo\u017eili: u ime Op\u0161tine Svilajnac venac je polo\u017eio dr Vladan Rajkovi\u0107, presednik Skup\u0161tine op\u0161tine Svilajnac, zatim predstavnici Udru\u017eenja ratnih doborovoljaca 1912-1918. Njihovih potomaka i po\u0161tovalaca \u201eStevan Sin\u0111eli\u0107\u201c, Kluba Generala i Admirala Srbije, Odbora za odbranu Srpske narodne partije, op\u0161tinskog odbora SPS-a, Udru\u017eenja Monarhista Srbije Svilajnac i Moto kluba \u201eKraljevi slobode\u201c.<br \/>\n\u201eSin\u0111eli\u0107evi dani\u201c bi\u0107e nastavljeni ve\u010deras u 20h otvaranjem izlo\u017ebe &#8220;Umeni\u010dka zbirka Srpske akademije nauka i umetnosti \u2013likovni umetnici akademici&#8221;. Izlo\u017eena zbirka sastoji se od pedeset radova umetnika koji su bili \u010dlanovi SANU i predstavlja reprezentativan presek srpske istorije umetnosti. Hronolo\u0161ki prati period od za\u010detaka kolekcije posle osnivanja Dru\u0161tva srpske slovesnosti (1841) do dana\u0161njih dana i po prvi put \u0107e biti izlo\u017eena u Pomoravskom okrugu.<\/span><\/p>\n","protected":false},"excerpt":{"rendered":"<p>SVILAJNAC- Sino\u0107 su u Ku\u0107i Stevana Sin\u0111eli\u0107a u Grabovcu otvoreni 23. \u201eSin\u0111eli\u0107evi dani\u201c sve\u010danim programom u\u010denika O\u0160 \u201eJovan Jovanovi\u0107 Zmaj\u201c i isturenog odeljenja u Grabovcu &hellip; <\/p>\n","protected":false},"author":4,"featured_media":12361,"comment_status":"open","ping_status":"open","sticky":false,"template":"","format":"standard","meta":{"footnotes":""},"categories":[1524,2,15,887,12,1517],"tags":[828,38],"_links":{"self":[{"href":"https:\/\/centralmedia.rs\/index.php\/wp-json\/wp\/v2\/posts\/12360"}],"collection":[{"href":"https:\/\/centralmedia.rs\/index.php\/wp-json\/wp\/v2\/posts"}],"about":[{"href":"https:\/\/centralmedia.rs\/index.php\/wp-json\/wp\/v2\/types\/post"}],"author":[{"embeddable":true,"href":"https:\/\/centralmedia.rs\/index.php\/wp-json\/wp\/v2\/users\/4"}],"replies":[{"embeddable":true,"href":"https:\/\/centralmedia.rs\/index.php\/wp-json\/wp\/v2\/comments?post=12360"}],"version-history":[{"count":1,"href":"https:\/\/centralmedia.rs\/index.php\/wp-json\/wp\/v2\/posts\/12360\/revisions"}],"predecessor-version":[{"id":12363,"href":"https:\/\/centralmedia.rs\/index.php\/wp-json\/wp\/v2\/posts\/12360\/revisions\/12363"}],"wp:featuredmedia":[{"embeddable":true,"href":"https:\/\/centralmedia.rs\/index.php\/wp-json\/wp\/v2\/media\/12361"}],"wp:attachment":[{"href":"https:\/\/centralmedia.rs\/index.php\/wp-json\/wp\/v2\/media?parent=12360"}],"wp:term":[{"taxonomy":"category","embeddable":true,"href":"https:\/\/centralmedia.rs\/index.php\/wp-json\/wp\/v2\/categories?post=12360"},{"taxonomy":"post_tag","embeddable":true,"href":"https:\/\/centralmedia.rs\/index.php\/wp-json\/wp\/v2\/tags?post=12360"}],"curies":[{"name":"wp","href":"https:\/\/api.w.org\/{rel}","templated":true}]}}