{"id":12378,"date":"2018-06-01T12:47:05","date_gmt":"2018-06-01T12:47:05","guid":{"rendered":"http:\/\/centralmedia.rs\/?p=12378"},"modified":"2018-06-01T12:47:05","modified_gmt":"2018-06-01T12:47:05","slug":"otvorena-izlozba-sanu-najveci-umetnici-prvi-put-u-pomoravlju","status":"publish","type":"post","link":"https:\/\/centralmedia.rs\/index.php\/2018\/06\/01\/otvorena-izlozba-sanu-najveci-umetnici-prvi-put-u-pomoravlju\/","title":{"rendered":"Otvorena izlo\u017eba SANU \u2013 Najve\u0107i umetnici prvi put u Pomoravlju"},"content":{"rendered":"<p>SVILAJNAC- U okviru manifestacije \u201cSin\u0111eli\u0107evi dani\u201d Srpska akademija nauka i umetnosti i Centar za kulturu Svilajnac organizovali su izlo\u017ebu \u201cUMETNI\u010cKA ZBIRKA SANU &#8211; LIKOVNI UMETNICI AKADEMICI\u201d, koja je sino\u0107 zvani\u010dno otvorena u galeriji svilajna\u010dkog Centra za kulturu.<br \/>\nIzlo\u017ebu su otvorili Dragana Radevi\u0107, zamenik predsednika op\u0161tine Svilajnac, koja je istakla kako je ponosna \u0161to je op\u0161tina Svilajnac stvorila infrastrukturne i sve prate\u0107e uslove za ovako velike i zna\u010dajne kulturne doga\u0111aje, zatim akademik Du\u0161an Ota\u0161evi\u0107, upravnik galerije SANU i Jelena Me\u017einski Milovanovi\u0107, autor izlo\u017ebe i zamenik upravnika galerije SANU.<\/p>\n<div id='gallery-1' class='gallery galleryid-12378 gallery-columns-2 gallery-size-full'><figure class='gallery-item'>\n\t\t\t<div class='gallery-icon landscape'>\n\t\t\t\t<a href='https:\/\/centralmedia.rs\/index.php\/2018\/06\/01\/otvorena-izlozba-sanu-najveci-umetnici-prvi-put-u-pomoravlju\/sanu-2\/'><img loading=\"lazy\" decoding=\"async\" width=\"2048\" height=\"1365\" src=\"https:\/\/centralmedia.rs\/wp-content\/uploads\/2018\/06\/sanu-2.jpg\" class=\"attachment-full size-full\" alt=\"\" srcset=\"https:\/\/centralmedia.rs\/wp-content\/uploads\/2018\/06\/sanu-2.jpg 2048w, https:\/\/centralmedia.rs\/wp-content\/uploads\/2018\/06\/sanu-2-300x200.jpg 300w, https:\/\/centralmedia.rs\/wp-content\/uploads\/2018\/06\/sanu-2-768x512.jpg 768w, https:\/\/centralmedia.rs\/wp-content\/uploads\/2018\/06\/sanu-2-1024x683.jpg 1024w\" sizes=\"(max-width: 2048px) 100vw, 2048px\" \/><\/a>\n\t\t\t<\/div><\/figure><figure class='gallery-item'>\n\t\t\t<div class='gallery-icon landscape'>\n\t\t\t\t<a href='https:\/\/centralmedia.rs\/index.php\/2018\/06\/01\/otvorena-izlozba-sanu-najveci-umetnici-prvi-put-u-pomoravlju\/sanu-1\/'><img loading=\"lazy\" decoding=\"async\" width=\"2048\" height=\"1365\" src=\"https:\/\/centralmedia.rs\/wp-content\/uploads\/2018\/06\/sanu-1.jpg\" class=\"attachment-full size-full\" alt=\"\" srcset=\"https:\/\/centralmedia.rs\/wp-content\/uploads\/2018\/06\/sanu-1.jpg 2048w, https:\/\/centralmedia.rs\/wp-content\/uploads\/2018\/06\/sanu-1-300x200.jpg 300w, https:\/\/centralmedia.rs\/wp-content\/uploads\/2018\/06\/sanu-1-768x512.jpg 768w, https:\/\/centralmedia.rs\/wp-content\/uploads\/2018\/06\/sanu-1-1024x683.jpg 1024w\" sizes=\"(max-width: 2048px) 100vw, 2048px\" \/><\/a>\n\t\t\t<\/div><\/figure>\n\t\t<\/div>\n\n<p>\u201cOvom prilikom, povodom 175 godina postojanja, Srpska akademija nauka i umetnosti javnosti predstavlja izbor iz svog umetni\u010dkog fonda. Re\u010d je o 50 radova likovnih umetnika \u010dlanova SANU. Izlo\u017eba je do sada gostovala u oko desetak gradova u Srbiji, a u Pomoravskom okrugu Svilajnac je prvi grad koji ima priliku da vidi ovo blago na\u0161e umetnosti\u201d \u2013 izjavio je akademik Du\u0161an Ota\u0161evi\u0107. Ulaz \u0458\u0435 slobodan, a izlo\u017eba \u0107e biti otovrena\u00a0do 7. juna.<\/p>\n<p>&nbsp;<\/p>\n","protected":false},"excerpt":{"rendered":"<p>SVILAJNAC- U okviru manifestacije \u201cSin\u0111eli\u0107evi dani\u201d Srpska akademija nauka i umetnosti i Centar za kulturu Svilajnac organizovali su izlo\u017ebu \u201cUMETNI\u010cKA ZBIRKA SANU &#8211; LIKOVNI UMETNICI &hellip; <\/p>\n","protected":false},"author":4,"featured_media":12379,"comment_status":"open","ping_status":"open","sticky":false,"template":"","format":"standard","meta":{"footnotes":""},"categories":[1524,2,15,887,12,1517],"tags":[1039,2925,38],"_links":{"self":[{"href":"https:\/\/centralmedia.rs\/index.php\/wp-json\/wp\/v2\/posts\/12378"}],"collection":[{"href":"https:\/\/centralmedia.rs\/index.php\/wp-json\/wp\/v2\/posts"}],"about":[{"href":"https:\/\/centralmedia.rs\/index.php\/wp-json\/wp\/v2\/types\/post"}],"author":[{"embeddable":true,"href":"https:\/\/centralmedia.rs\/index.php\/wp-json\/wp\/v2\/users\/4"}],"replies":[{"embeddable":true,"href":"https:\/\/centralmedia.rs\/index.php\/wp-json\/wp\/v2\/comments?post=12378"}],"version-history":[{"count":1,"href":"https:\/\/centralmedia.rs\/index.php\/wp-json\/wp\/v2\/posts\/12378\/revisions"}],"predecessor-version":[{"id":12382,"href":"https:\/\/centralmedia.rs\/index.php\/wp-json\/wp\/v2\/posts\/12378\/revisions\/12382"}],"wp:featuredmedia":[{"embeddable":true,"href":"https:\/\/centralmedia.rs\/index.php\/wp-json\/wp\/v2\/media\/12379"}],"wp:attachment":[{"href":"https:\/\/centralmedia.rs\/index.php\/wp-json\/wp\/v2\/media?parent=12378"}],"wp:term":[{"taxonomy":"category","embeddable":true,"href":"https:\/\/centralmedia.rs\/index.php\/wp-json\/wp\/v2\/categories?post=12378"},{"taxonomy":"post_tag","embeddable":true,"href":"https:\/\/centralmedia.rs\/index.php\/wp-json\/wp\/v2\/tags?post=12378"}],"curies":[{"name":"wp","href":"https:\/\/api.w.org\/{rel}","templated":true}]}}