{"id":12387,"date":"2018-06-01T19:12:12","date_gmt":"2018-06-01T19:12:12","guid":{"rendered":"http:\/\/centralmedia.rs\/?p=12387"},"modified":"2018-06-01T19:12:12","modified_gmt":"2018-06-01T19:12:12","slug":"pola-veka-pu-decija-radost-iz-cuprije","status":"publish","type":"post","link":"https:\/\/centralmedia.rs\/index.php\/2018\/06\/01\/pola-veka-pu-decija-radost-iz-cuprije\/","title":{"rendered":"POLA VEKA PU DE\u010cIJA RADOST IZ \u0106UPRIJE"},"content":{"rendered":"<p>\u0106UPRIJA- Pred\u0161kolska ustanova De\u010dija radost iz \u0106uprije obele\u017eila je ve\u010deras Sve\u010danom akademijom 50 godina od osnivanja.<\/p>\n<div id='gallery-1' class='gallery galleryid-12387 gallery-columns-5 gallery-size-thumbnail'><figure class='gallery-item'>\n\t\t\t<div class='gallery-icon landscape'>\n\t\t\t\t<a href='https:\/\/centralmedia.rs\/index.php\/2018\/06\/01\/pola-veka-pu-decija-radost-iz-cuprije\/vrtic-1-2\/'><img loading=\"lazy\" decoding=\"async\" width=\"150\" height=\"150\" src=\"https:\/\/centralmedia.rs\/wp-content\/uploads\/2018\/06\/vrtic-1-150x150.jpg\" class=\"attachment-thumbnail size-thumbnail\" alt=\"\" \/><\/a>\n\t\t\t<\/div><\/figure><figure class='gallery-item'>\n\t\t\t<div class='gallery-icon landscape'>\n\t\t\t\t<a href='https:\/\/centralmedia.rs\/index.php\/2018\/06\/01\/pola-veka-pu-decija-radost-iz-cuprije\/vrtic-2-2\/'><img loading=\"lazy\" decoding=\"async\" width=\"150\" height=\"150\" src=\"https:\/\/centralmedia.rs\/wp-content\/uploads\/2018\/06\/vrtic-2-150x150.jpg\" class=\"attachment-thumbnail size-thumbnail\" alt=\"\" \/><\/a>\n\t\t\t<\/div><\/figure><figure class='gallery-item'>\n\t\t\t<div class='gallery-icon portrait'>\n\t\t\t\t<a href='https:\/\/centralmedia.rs\/index.php\/2018\/06\/01\/pola-veka-pu-decija-radost-iz-cuprije\/vrtic-3\/'><img loading=\"lazy\" decoding=\"async\" width=\"150\" height=\"150\" src=\"https:\/\/centralmedia.rs\/wp-content\/uploads\/2018\/06\/vrtic-3-150x150.jpg\" class=\"attachment-thumbnail size-thumbnail\" alt=\"\" \/><\/a>\n\t\t\t<\/div><\/figure><figure class='gallery-item'>\n\t\t\t<div class='gallery-icon landscape'>\n\t\t\t\t<a href='https:\/\/centralmedia.rs\/index.php\/2018\/06\/01\/pola-veka-pu-decija-radost-iz-cuprije\/vrtic-4\/'><img loading=\"lazy\" decoding=\"async\" width=\"150\" height=\"150\" src=\"https:\/\/centralmedia.rs\/wp-content\/uploads\/2018\/06\/vrtic-4-150x150.jpg\" class=\"attachment-thumbnail size-thumbnail\" alt=\"\" \/><\/a>\n\t\t\t<\/div><\/figure><figure class='gallery-item'>\n\t\t\t<div class='gallery-icon portrait'>\n\t\t\t\t<a href='https:\/\/centralmedia.rs\/index.php\/2018\/06\/01\/pola-veka-pu-decija-radost-iz-cuprije\/vrtic-5\/'><img loading=\"lazy\" decoding=\"async\" width=\"150\" height=\"150\" src=\"https:\/\/centralmedia.rs\/wp-content\/uploads\/2018\/06\/vrtic-5-150x150.jpg\" class=\"attachment-thumbnail size-thumbnail\" alt=\"\" \/><\/a>\n\t\t\t<\/div><\/figure>\n\t\t<\/div>\n\n<p>&#8211; \u010cast mi je \u0161to sam deo tima ove ustanove, \u010dast mi je \u0161to sam vaspita\u010d i \u0161to zajedno sa kolektivom te\u017eim da svake godine budemo sve bolji. To zahteva da budemo otvorena ustanova za vaspianje i obrazovanje dece. Imamo snage, volje i kreativnosti da sve ciljeve ostavarimo. Zahvaljum se predhodnicima koji su graddili ovu ustanovu, postavili su dobre temelje na kojima radimo i svakog dana nadgra\u0111ujemo, kazala je direktorka ustanove Sne\u017eana Ili\u0107.<\/p>\n<p>Roditelji su rado vi\u0111eni partneri, ,,rame uz rame&#8221; sa vaspita\u010dima, put do rezultat ne bi bio mogu\u0107 bez podr\u0161ke i pomo\u0107i lokalna samouprava.<\/p>\n<p>&#8211; Postali smo poznati i vidljivi na nacionalnom nivou zahavljuju\u0107i radu zaposlenih. Mnogima smo uzor timskog i a\u017eurnog rada. Podse\u0107amo se na pro\u0161lost, ali gledamo u budu\u0107nost a to su na\u0161a deca kojima se prilago\u0111avamo. Negujemo dobre navike, te\u017eimo savremenom obrazovanju i vaspitanju, istakla je Sne\u017eana Ili\u0107.<\/p>\n<p>&nbsp;<\/p>\n","protected":false},"excerpt":{"rendered":"<p>\u0106UPRIJA- Pred\u0161kolska ustanova De\u010dija radost iz \u0106uprije obele\u017eila je ve\u010deras Sve\u010danom akademijom 50 godina od osnivanja. &#8211; \u010cast mi je \u0161to sam deo tima ove &hellip; <\/p>\n","protected":false},"author":4,"featured_media":12388,"comment_status":"open","ping_status":"open","sticky":false,"template":"","format":"standard","meta":{"footnotes":""},"categories":[1515,14,1524,2,887,12],"tags":[2926,44,2179],"_links":{"self":[{"href":"https:\/\/centralmedia.rs\/index.php\/wp-json\/wp\/v2\/posts\/12387"}],"collection":[{"href":"https:\/\/centralmedia.rs\/index.php\/wp-json\/wp\/v2\/posts"}],"about":[{"href":"https:\/\/centralmedia.rs\/index.php\/wp-json\/wp\/v2\/types\/post"}],"author":[{"embeddable":true,"href":"https:\/\/centralmedia.rs\/index.php\/wp-json\/wp\/v2\/users\/4"}],"replies":[{"embeddable":true,"href":"https:\/\/centralmedia.rs\/index.php\/wp-json\/wp\/v2\/comments?post=12387"}],"version-history":[{"count":1,"href":"https:\/\/centralmedia.rs\/index.php\/wp-json\/wp\/v2\/posts\/12387\/revisions"}],"predecessor-version":[{"id":12394,"href":"https:\/\/centralmedia.rs\/index.php\/wp-json\/wp\/v2\/posts\/12387\/revisions\/12394"}],"wp:featuredmedia":[{"embeddable":true,"href":"https:\/\/centralmedia.rs\/index.php\/wp-json\/wp\/v2\/media\/12388"}],"wp:attachment":[{"href":"https:\/\/centralmedia.rs\/index.php\/wp-json\/wp\/v2\/media?parent=12387"}],"wp:term":[{"taxonomy":"category","embeddable":true,"href":"https:\/\/centralmedia.rs\/index.php\/wp-json\/wp\/v2\/categories?post=12387"},{"taxonomy":"post_tag","embeddable":true,"href":"https:\/\/centralmedia.rs\/index.php\/wp-json\/wp\/v2\/tags?post=12387"}],"curies":[{"name":"wp","href":"https:\/\/api.w.org\/{rel}","templated":true}]}}