{"id":12403,"date":"2018-06-02T15:31:05","date_gmt":"2018-06-02T15:31:05","guid":{"rendered":"http:\/\/centralmedia.rs\/?p=12403"},"modified":"2018-06-02T15:31:25","modified_gmt":"2018-06-02T15:31:25","slug":"cajetina-ceka-ustavnog-suda-srbije","status":"publish","type":"post","link":"https:\/\/centralmedia.rs\/index.php\/2018\/06\/02\/cajetina-ceka-ustavnog-suda-srbije\/","title":{"rendered":"\u010cajetina \u010deka odluku Ustavnog suda Srbije"},"content":{"rendered":"<p>\u0106UPRIJA- Na 24. sednici Skup\u0161tine op\u0161tine \u010cajetina doneta je odluka o neu\u010destvovanju op\u0161tine \u010cajetina i svih njenih organa u postupku ranog javnog uvida povodom izrade Prostornog plana podru\u010dja posebne namene Parka prirode \u201eZlatibor\u201c , kao i u daljoj proceduri u izradi i dono\u0161enju ovog planskog akta od strane nadle\u017enog ministarstva. Skup\u0161tina op\u0161tine \u010cajetina je pred Ustavnim sudom Srbije pokrenula postupak za ocenu ustavnosti i zakonitosti Uredbe o progla\u0161enju Parka prirode \u201eZlatibor\u201c, kao i predlog za ocenu ustavnosti i zakonitosti Odluke o izradi Prostornog plana podru\u010dja posebne namene Parka prirode \u201eZlatibor\u201c, koji po istim predlozima nije doneo odgovaraju\u0107u odluku. Kako se Ustavni sud Republike Srbije nije izjasnio o iniciranim postupcima za ocenu ustavnosti i zakonitosti podnetim od strane nadle\u017enih organa op\u0161tine \u010cajetina, Skup\u0161tina op\u0161tine \u010cajetina, smatra da se svi dalji postupci u izradi ovog plana ne mogu sprovoditi do prethodnog izja\u0161njavanja Ustavnog suda po podnetim predlozima. Na osnovu dostavljene dokumentacije nadle\u017enim slu\u017ebama Op\u0161tinske uprave \u010cajetina, mo\u017ee se zaklju\u010diti da je Prostornim planom podru\u010dja posebne namene Parka prirode \u201eZlatibor\u201c teritorija obuhva\u0107ena ovim planskim aktom znatno \u0161ire podru\u010dje od podru\u010dja definisanog Uredbom o progla\u0161enju Parka prirode \u201eZlatibor\u201c, bez navo\u0111enja razloga, ciljeva, motiva za takav obuhvat plana, Skup\u0161tina op\u0161tine \u010cajetina \u0107e pokrenuti postupak pred Ustavnim sudom Srbije za ocenu ustavnosti i zakonitosti ovog planskog akta, jer su njime o\u010digledno prekr\u0161ene odredbe Zakona o planiranju i izgradnji, a tako\u0111e i interesi stanovni\u0161tva op\u0161tine \u010cajetina, koje nije u mogu\u0107nosti da se pravovremeno pripremi za sve eventualne situacije koje iz takvog planskog akta mogu proiste\u0107i.<\/p>\n","protected":false},"excerpt":{"rendered":"<p>\u0106UPRIJA- Na 24. sednici Skup\u0161tine op\u0161tine \u010cajetina doneta je odluka o neu\u010destvovanju op\u0161tine \u010cajetina i svih njenih organa u postupku ranog javnog uvida povodom izrade &hellip; <\/p>\n","protected":false},"author":4,"featured_media":12404,"comment_status":"open","ping_status":"open","sticky":false,"template":"","format":"standard","meta":{"footnotes":""},"categories":[2875,1524,2,13,887,12],"tags":[2762,2929],"_links":{"self":[{"href":"https:\/\/centralmedia.rs\/index.php\/wp-json\/wp\/v2\/posts\/12403"}],"collection":[{"href":"https:\/\/centralmedia.rs\/index.php\/wp-json\/wp\/v2\/posts"}],"about":[{"href":"https:\/\/centralmedia.rs\/index.php\/wp-json\/wp\/v2\/types\/post"}],"author":[{"embeddable":true,"href":"https:\/\/centralmedia.rs\/index.php\/wp-json\/wp\/v2\/users\/4"}],"replies":[{"embeddable":true,"href":"https:\/\/centralmedia.rs\/index.php\/wp-json\/wp\/v2\/comments?post=12403"}],"version-history":[{"count":2,"href":"https:\/\/centralmedia.rs\/index.php\/wp-json\/wp\/v2\/posts\/12403\/revisions"}],"predecessor-version":[{"id":12406,"href":"https:\/\/centralmedia.rs\/index.php\/wp-json\/wp\/v2\/posts\/12403\/revisions\/12406"}],"wp:featuredmedia":[{"embeddable":true,"href":"https:\/\/centralmedia.rs\/index.php\/wp-json\/wp\/v2\/media\/12404"}],"wp:attachment":[{"href":"https:\/\/centralmedia.rs\/index.php\/wp-json\/wp\/v2\/media?parent=12403"}],"wp:term":[{"taxonomy":"category","embeddable":true,"href":"https:\/\/centralmedia.rs\/index.php\/wp-json\/wp\/v2\/categories?post=12403"},{"taxonomy":"post_tag","embeddable":true,"href":"https:\/\/centralmedia.rs\/index.php\/wp-json\/wp\/v2\/tags?post=12403"}],"curies":[{"name":"wp","href":"https:\/\/api.w.org\/{rel}","templated":true}]}}