{"id":12409,"date":"2018-06-03T10:56:46","date_gmt":"2018-06-03T10:56:46","guid":{"rendered":"http:\/\/centralmedia.rs\/?p=12409"},"modified":"2018-06-03T11:35:10","modified_gmt":"2018-06-03T11:35:10","slug":"jagodina-prestonica-andjela-pakla-torta-pesma-forever-angels-vatromet-za-kraj-zurke-foto-reportaza","status":"publish","type":"post","link":"https:\/\/centralmedia.rs\/index.php\/2018\/06\/03\/jagodina-prestonica-andjela-pakla-torta-pesma-forever-angels-vatromet-za-kraj-zurke-foto-reportaza\/","title":{"rendered":"JAGODINA PRESTONICA AN\u0110ELA PAKLA &#8211; TORTA, PESMA ,,FOREVER ANGELS&#8221; I VATROMET ZA  KRAJ \u017dURKE  (FOTO REPORTA\u017dA)"},"content":{"rendered":"<p>JAGODINA- Na kraju trodnevne \u017eurke Hells Angels u Akva parku i hali Jasa u Jagodini u subotu uve\u010de uga\u0161ene su sve\u0107ice na desetak metara dugoj torti, svi bajkeri su se okupili i otpevali pesmu ,,Forever Angles&#8221;, zatim su glasno uzviknuli ,,AFFA&#8221;, \u0161to je bio znak za po\u010detak velikog vatrometa posle koga je usledio koncert do jutra.<\/p>\n<div id='gallery-1' class='gallery galleryid-12409 gallery-columns-5 gallery-size-thumbnail'><figure class='gallery-item'>\n\t\t\t<div class='gallery-icon landscape'>\n\t\t\t\t<a href='https:\/\/centralmedia.rs\/index.php\/2018\/06\/03\/jagodina-prestonica-andjela-pakla-torta-pesma-forever-angels-vatromet-za-kraj-zurke-foto-reportaza\/ha-1-3\/'><img loading=\"lazy\" decoding=\"async\" width=\"150\" height=\"150\" src=\"https:\/\/centralmedia.rs\/wp-content\/uploads\/2018\/06\/ha-1-1-150x150.jpg\" class=\"attachment-thumbnail size-thumbnail\" alt=\"\" \/><\/a>\n\t\t\t<\/div><\/figure><figure class='gallery-item'>\n\t\t\t<div class='gallery-icon landscape'>\n\t\t\t\t<a href='https:\/\/centralmedia.rs\/index.php\/2018\/06\/03\/jagodina-prestonica-andjela-pakla-torta-pesma-forever-angels-vatromet-za-kraj-zurke-foto-reportaza\/ha-3-2\/'><img loading=\"lazy\" decoding=\"async\" width=\"150\" height=\"150\" src=\"https:\/\/centralmedia.rs\/wp-content\/uploads\/2018\/06\/ha-3-150x150.jpg\" class=\"attachment-thumbnail size-thumbnail\" alt=\"\" \/><\/a>\n\t\t\t<\/div><\/figure><figure class='gallery-item'>\n\t\t\t<div class='gallery-icon landscape'>\n\t\t\t\t<a href='https:\/\/centralmedia.rs\/index.php\/2018\/06\/03\/jagodina-prestonica-andjela-pakla-torta-pesma-forever-angels-vatromet-za-kraj-zurke-foto-reportaza\/ha-4-3\/'><img loading=\"lazy\" decoding=\"async\" width=\"150\" height=\"150\" src=\"https:\/\/centralmedia.rs\/wp-content\/uploads\/2018\/06\/ha-4-150x150.jpg\" class=\"attachment-thumbnail size-thumbnail\" alt=\"\" \/><\/a>\n\t\t\t<\/div><\/figure><figure class='gallery-item'>\n\t\t\t<div class='gallery-icon landscape'>\n\t\t\t\t<a href='https:\/\/centralmedia.rs\/index.php\/2018\/06\/03\/jagodina-prestonica-andjela-pakla-torta-pesma-forever-angels-vatromet-za-kraj-zurke-foto-reportaza\/ha-6-2\/'><img loading=\"lazy\" decoding=\"async\" width=\"150\" height=\"150\" src=\"https:\/\/centralmedia.rs\/wp-content\/uploads\/2018\/06\/ha-6-150x150.jpg\" class=\"attachment-thumbnail size-thumbnail\" alt=\"\" \/><\/a>\n\t\t\t<\/div><\/figure><figure class='gallery-item'>\n\t\t\t<div class='gallery-icon landscape'>\n\t\t\t\t<a href='https:\/\/centralmedia.rs\/index.php\/2018\/06\/03\/jagodina-prestonica-andjela-pakla-torta-pesma-forever-angels-vatromet-za-kraj-zurke-foto-reportaza\/ha-10\/'><img loading=\"lazy\" decoding=\"async\" width=\"150\" height=\"150\" src=\"https:\/\/centralmedia.rs\/wp-content\/uploads\/2018\/06\/ha-2-150x150.jpg\" class=\"attachment-thumbnail size-thumbnail\" alt=\"\" \/><\/a>\n\t\t\t<\/div><\/figure>\n\t\t<\/div>\n\n<p>An\u0111eli pakla proslavili su 70 ro\u0111endan, na 42. evropskom okupljanju u Jagodini. Najavljeno ven\u010danje para iz Rusije nije odr\u017eano, kako nezvani\u010dno saznajemo, zbog nesporazuma mlada se vratila ku\u0107i pre vremena. Bajkeri su ovih dana pretvorili Jagodinu u svoju ,,prestonicu&#8221;. Na svakom uglu bili su \u00a0parkirani motori sa prepoznatljvim oznakama i zvukom. Bajkeri su se kretali kroz grad, odsedali u ugotiteljskim objektima i srda\u010dno komunicirali sa gra\u0111anima, posebno sa decom. Rado su pristajali da se fotografi\u0161u, \u0161to su gra\u0111ani svesrdno koristili i stajali u redu za slikanje. Sve po\u010detne predrasude o An\u0111elima pakla su razvejane njihovim osmesima i pona\u0161anjem.<\/p>\n<div id='gallery-2' class='gallery galleryid-12409 gallery-columns-5 gallery-size-thumbnail'><figure class='gallery-item'>\n\t\t\t<div class='gallery-icon landscape'>\n\t\t\t\t<a href='https:\/\/centralmedia.rs\/index.php\/2018\/06\/03\/jagodina-prestonica-andjela-pakla-torta-pesma-forever-angels-vatromet-za-kraj-zurke-foto-reportaza\/ha2-2\/'><img loading=\"lazy\" decoding=\"async\" width=\"150\" height=\"150\" src=\"https:\/\/centralmedia.rs\/wp-content\/uploads\/2018\/06\/ha2-150x150.jpg\" class=\"attachment-thumbnail size-thumbnail\" alt=\"\" \/><\/a>\n\t\t\t<\/div><\/figure><figure class='gallery-item'>\n\t\t\t<div class='gallery-icon landscape'>\n\t\t\t\t<a href='https:\/\/centralmedia.rs\/index.php\/2018\/06\/03\/jagodina-prestonica-andjela-pakla-torta-pesma-forever-angels-vatromet-za-kraj-zurke-foto-reportaza\/ha5-2\/'><img loading=\"lazy\" decoding=\"async\" width=\"150\" height=\"150\" src=\"https:\/\/centralmedia.rs\/wp-content\/uploads\/2018\/06\/ha5-1-150x150.jpg\" class=\"attachment-thumbnail size-thumbnail\" alt=\"\" \/><\/a>\n\t\t\t<\/div><\/figure><figure class='gallery-item'>\n\t\t\t<div class='gallery-icon landscape'>\n\t\t\t\t<a href='https:\/\/centralmedia.rs\/index.php\/2018\/06\/03\/jagodina-prestonica-andjela-pakla-torta-pesma-forever-angels-vatromet-za-kraj-zurke-foto-reportaza\/bik\/'><img loading=\"lazy\" decoding=\"async\" width=\"150\" height=\"150\" src=\"https:\/\/centralmedia.rs\/wp-content\/uploads\/2018\/06\/bik-150x150.jpg\" class=\"attachment-thumbnail size-thumbnail\" alt=\"\" \/><\/a>\n\t\t\t<\/div><\/figure><figure class='gallery-item'>\n\t\t\t<div class='gallery-icon landscape'>\n\t\t\t\t<a href='https:\/\/centralmedia.rs\/index.php\/2018\/06\/03\/jagodina-prestonica-andjela-pakla-torta-pesma-forever-angels-vatromet-za-kraj-zurke-foto-reportaza\/ha7\/'><img loading=\"lazy\" decoding=\"async\" width=\"150\" height=\"150\" src=\"https:\/\/centralmedia.rs\/wp-content\/uploads\/2018\/06\/ha7-150x150.jpg\" class=\"attachment-thumbnail size-thumbnail\" alt=\"\" \/><\/a>\n\t\t\t<\/div><\/figure><figure class='gallery-item'>\n\t\t\t<div class='gallery-icon portrait'>\n\t\t\t\t<a href='https:\/\/centralmedia.rs\/index.php\/2018\/06\/03\/jagodina-prestonica-andjela-pakla-torta-pesma-forever-angels-vatromet-za-kraj-zurke-foto-reportaza\/tt-ivana-arandjeovic-5\/'><img loading=\"lazy\" decoding=\"async\" width=\"150\" height=\"150\" src=\"https:\/\/centralmedia.rs\/wp-content\/uploads\/2018\/06\/tt-ivana-arandjeovic-5-150x150.jpg\" class=\"attachment-thumbnail size-thumbnail\" alt=\"\" \/><\/a>\n\t\t\t<\/div><\/figure>\n\t\t<\/div>\n\n<p>Hiljade Jagodinca sa malom decom hrlilo je ka njihovom kampu, zapitkivali su ih, fotografisali se i u\u017eivali u dru\u0161tvu bajekera. Zanimljivo je da pored hiljada litara raznog pi\u0107a, bajkeri naj\u010de\u0161\u010de konzumiraju vodu. Otuda i logi\u010dna konstatacija policije da do sada nije zabele\u017een ni jedan saobra\u0107ajni prekr\u0161aj gde su u\u010destvovali bajkeri. U Jagodinu su do\u0161li bajkeri sa svih kontinenata i svih dr\u017eava Evrope, registrovano je oko 3.500 stranih dr\u017eavljana, preko 2.300 bajkera i \u00a01.500 motora. Ve\u0107ina su sme\u0161teni u hotelima u Jagodini i okolnim gradovima, dok je deo ostao veran korenima i na travi su postavili \u0161atore. O\u010dekivani prihod u Jagodini je oko 2 miliona evra, dok je za Srbiju re\u010d o vi\u0161e miliona evra. \u00a0Najva\u017enije je, isti\u010du lokalni politi\u010dari, da pozitivna slika Jagodine i Srbije poslata u svet, da su bajkeri puni lepih utisaka koje \u0107e podeliti sa svojim zemljacima. An\u0111eli pakla posle trodnevne \u017eurke, polako se vra\u0107aju u svoje dr\u017eave ili \u0107e odmoriti jo\u0161 dan, dva. U Jagodini su od 29. maja do 5. juna zakupili Akvapark i sportsku halu Jasa. Policija i \u017dandarmerija su polo\u017eili ispit bezbednosti, jer su 24 sata obezbe\u0111ivali skup u vi\u0161e bezbedonosnih krugova. Nema ulice gde policija nije obavila patrolu, vozlom ili pe\u0161ke. Vi\u0161e hiljada pripadnika policije iz cele centralne Srbije boravi\u0107e u Jagodini, \u0106upriji i Para\u0107inu tokom bajkerskog skupa.<\/p>\n","protected":false},"excerpt":{"rendered":"<p>JAGODINA- Na kraju trodnevne \u017eurke Hells Angels u Akva parku i hali Jasa u Jagodini u subotu uve\u010de uga\u0161ene su sve\u0107ice na desetak metara dugoj &hellip; <\/p>\n","protected":false},"author":4,"featured_media":12410,"comment_status":"open","ping_status":"open","sticky":false,"template":"","format":"standard","meta":{"footnotes":""},"categories":[1524,2,16,12],"tags":[2899,2897,58],"_links":{"self":[{"href":"https:\/\/centralmedia.rs\/index.php\/wp-json\/wp\/v2\/posts\/12409"}],"collection":[{"href":"https:\/\/centralmedia.rs\/index.php\/wp-json\/wp\/v2\/posts"}],"about":[{"href":"https:\/\/centralmedia.rs\/index.php\/wp-json\/wp\/v2\/types\/post"}],"author":[{"embeddable":true,"href":"https:\/\/centralmedia.rs\/index.php\/wp-json\/wp\/v2\/users\/4"}],"replies":[{"embeddable":true,"href":"https:\/\/centralmedia.rs\/index.php\/wp-json\/wp\/v2\/comments?post=12409"}],"version-history":[{"count":2,"href":"https:\/\/centralmedia.rs\/index.php\/wp-json\/wp\/v2\/posts\/12409\/revisions"}],"predecessor-version":[{"id":12434,"href":"https:\/\/centralmedia.rs\/index.php\/wp-json\/wp\/v2\/posts\/12409\/revisions\/12434"}],"wp:featuredmedia":[{"embeddable":true,"href":"https:\/\/centralmedia.rs\/index.php\/wp-json\/wp\/v2\/media\/12410"}],"wp:attachment":[{"href":"https:\/\/centralmedia.rs\/index.php\/wp-json\/wp\/v2\/media?parent=12409"}],"wp:term":[{"taxonomy":"category","embeddable":true,"href":"https:\/\/centralmedia.rs\/index.php\/wp-json\/wp\/v2\/categories?post=12409"},{"taxonomy":"post_tag","embeddable":true,"href":"https:\/\/centralmedia.rs\/index.php\/wp-json\/wp\/v2\/tags?post=12409"}],"curies":[{"name":"wp","href":"https:\/\/api.w.org\/{rel}","templated":true}]}}