{"id":1241,"date":"2015-11-21T13:50:10","date_gmt":"2015-11-21T13:50:10","guid":{"rendered":"http:\/\/centralmedia.rs\/?p=1241"},"modified":"2015-11-21T14:00:12","modified_gmt":"2015-11-21T14:00:12","slug":"jankovicvojska-srbije-kao-pretorijanska-garda","status":"publish","type":"post","link":"https:\/\/centralmedia.rs\/index.php\/2015\/11\/21\/jankovicvojska-srbije-kao-pretorijanska-garda\/","title":{"rendered":"JANKOVI\u0106:VOJSKA SRBIJE KAO PRETORIJANSKA GARDA"},"content":{"rendered":"<p>SVILAJNAC-Za\u0161titnik gra\u0111ana Sa\u0161a Jankovi\u0107 izjavio je na TV Centar u Svilajncu da nije bilo potrebe niko da ga niko miri sa Vu\u010di\u0107em, jer ,,nismo ni bili posva\u0111ani\u201c<br \/>\n-Moj posao je da sara\u0111ujem sa predsednikom vlade i njegov posao je da sara\u0111uje samnom. A to da li mi privatno u\u017eivamo ili ne u tome, to ni na koji na\u010din ne treba da bude relevantno, istakao je on u emisiji ,,Usijanje\u201c TV Centar i dodao da je u odre\u0111enom momentu bilo veoma napete atmosfere, ali ,,moj posao je da unapre\u0111ujem rad svake vlade\u201c.<br \/>\nZa\u0161titnika gra\u0111ana ,,jako zabrinjava razvoj doga\u0111aja sa Ministarstvom odbrane i Vojno-bezbednosnom agencijom\u201c.<br \/>\n-Direktor te agencije Petar Cvetkovi\u0107 ponovo je javno rekao u intervjuu medijima da parafraziram ,,mnogo smo se mi okrenuli ljudsikim pravima i toj kontroli, to su pri\u010de za malu decu, moramo stegnuti pesnicu&#8230;\u201c. Demokratska civilna kontrola \u0161titi gra\u0111ane od onih koji njih \u0161tite, da ne zaborave \u0161ta je njihov osnovni zadatak, rekao je Jankovi\u0107.<br \/>\nOn je naveo da postoje\u0107im uslovima u Srbiji postoji  opasnost da profesionalna vojska umesto narodne i dr\u017eavne postane ,,pretorijanska grada\u201c.<br \/>\n-Postoji opasnost da  vojnik po ugovoru gleda u onog ko mu je poslodavac kao naredbodavca i radi ono \u0161to mu se ka\u017ee, a ne kao recimo u Nema\u010dkoj, gde vojnik ima obavezu da ne izvr\u0161i nare\u0111enje ukoliko nije u skladu sa zakonom i krivi\u010dnu odgovornost ukoliko ne\u0161to ne zakonito uradi. Nisam protiv profesionalne vosjke, nisam ni za. To je pitanje politike, ali moja obaveza je da istaknem da je demokratska civilna kontrola uslov da vojska ostane u slu\u017ebi naroda i dr\u017eave,a  ne u slu\u017ebi projedinaca, grupe ili partije, naglasio je Jankovi\u0107.<br \/>\nOn je ocenio da su gra\u0111ani kao u sendvi\u010du, sa jedne strane terorizam i organizovani kriminal i sa druge strane bezbednosne snage, koje da bi se borile sa pretnjama sve vi\u0161e su\u017eavaju polje slobode gra\u0111ana.<br \/>\n-Prislu\u0161kivanje je medijsko bacanje pra\u0161ine u o\u010di, kao i poligrafsko ispitivanje. Bilo bi jako dobro da se sudski, istra\u017eni i predistra\u017eni postupci vrate u institucije. A ne da \u0161efovi kabineta dr\u017eavnih organa zovu urednike tabloida i da ono \u0161to je dogovoreno u tim institucijama sutra bude progla\u0161avano kao sveop\u0161ta istina, da ljudi umesto pred institucijama pravdu i istinu tra\u017ee u medijima, zaklju\u010dio je Jankovi\u0107.<\/p>\n","protected":false},"excerpt":{"rendered":"<p>SVILAJNAC-Za\u0161titnik gra\u0111ana Sa\u0161a Jankovi\u0107 izjavio je na TV Centar u Svilajncu da nije bilo potrebe niko da ga niko miri sa Vu\u010di\u0107em, jer ,,nismo ni &hellip; <\/p>\n","protected":false},"author":4,"featured_media":1242,"comment_status":"open","ping_status":"open","sticky":false,"template":"","format":"standard","meta":{"footnotes":""},"categories":[2,13,12],"tags":[243,244,63],"_links":{"self":[{"href":"https:\/\/centralmedia.rs\/index.php\/wp-json\/wp\/v2\/posts\/1241"}],"collection":[{"href":"https:\/\/centralmedia.rs\/index.php\/wp-json\/wp\/v2\/posts"}],"about":[{"href":"https:\/\/centralmedia.rs\/index.php\/wp-json\/wp\/v2\/types\/post"}],"author":[{"embeddable":true,"href":"https:\/\/centralmedia.rs\/index.php\/wp-json\/wp\/v2\/users\/4"}],"replies":[{"embeddable":true,"href":"https:\/\/centralmedia.rs\/index.php\/wp-json\/wp\/v2\/comments?post=1241"}],"version-history":[{"count":0,"href":"https:\/\/centralmedia.rs\/index.php\/wp-json\/wp\/v2\/posts\/1241\/revisions"}],"wp:featuredmedia":[{"embeddable":true,"href":"https:\/\/centralmedia.rs\/index.php\/wp-json\/wp\/v2\/media\/1242"}],"wp:attachment":[{"href":"https:\/\/centralmedia.rs\/index.php\/wp-json\/wp\/v2\/media?parent=1241"}],"wp:term":[{"taxonomy":"category","embeddable":true,"href":"https:\/\/centralmedia.rs\/index.php\/wp-json\/wp\/v2\/categories?post=1241"},{"taxonomy":"post_tag","embeddable":true,"href":"https:\/\/centralmedia.rs\/index.php\/wp-json\/wp\/v2\/tags?post=1241"}],"curies":[{"name":"wp","href":"https:\/\/api.w.org\/{rel}","templated":true}]}}