{"id":12424,"date":"2018-06-03T11:08:22","date_gmt":"2018-06-03T11:08:22","guid":{"rendered":"http:\/\/centralmedia.rs\/?p=12424"},"modified":"2018-06-03T11:33:27","modified_gmt":"2018-06-03T11:33:27","slug":"jagodinka-na-skupu-andjela-pakla-tatu-majstor-ivana-arandjelovic-foto-reportaza","status":"publish","type":"post","link":"https:\/\/centralmedia.rs\/index.php\/2018\/06\/03\/jagodinka-na-skupu-andjela-pakla-tatu-majstor-ivana-arandjelovic-foto-reportaza\/","title":{"rendered":"JAGODINKA NA SKUPU AN\u0110ELA PAKLA &#8211; TATU MAJSTOR IVANA ARAN\u0110ELOVI\u0106  (FOTO REPORTA\u017dA)"},"content":{"rendered":"<p>JAGODINA- Skup An\u0111ela pakla u Jagodini bio je privatnog karaktera i gra\u0111ani, ali ni mediji, nisu mogli da u\u0111u u kamp. Jagodinski tatu majstor Ivana Aran\u0111elovi\u0107 (30) je u Akvaparku tetovirala bajkere. Ka\u017ee da se nije desio nijedan incident, \u0161tavi\u0161e sve proti\u010de mirno.<\/p>\n<blockquote><p>NASLOVNA FOTOGRAFIJA<\/p>\n<p>Lik je iz Belgije. Sa njim sam provela ve\u0107i deo dana. Ima tetovirane beonja\u010de. Tattoo majstor po zanimanju. Lepo raspolo\u017een i nasmejan. Nije mrdnuo tokom tetoviranja, iako je bolno mesto. A toliko mu se svidela organizacija da je uradio tatu na ba\u0161 vidnom mestu. Svi su istu tetova\u017eu radili. Re\u010d je o logu skupa, lobanja sa krilima je njihov logo, a slovima ozna\u010deno mesto i redni broj skupa. Svaki skup ima svoj logo i na svakom rade tetova\u017ee kao uspomenu, obja\u0161njava Ivana.<\/p><\/blockquote>\n<div id='gallery-1' class='gallery galleryid-12424 gallery-columns-5 gallery-size-thumbnail'><figure class='gallery-item'>\n\t\t\t<div class='gallery-icon portrait'>\n\t\t\t\t<a href='https:\/\/centralmedia.rs\/index.php\/2018\/06\/03\/jagodinka-na-skupu-andjela-pakla-tatu-majstor-ivana-arandjelovic-foto-reportaza\/tt-ivana-arandjelovic-1\/'><img loading=\"lazy\" decoding=\"async\" width=\"150\" height=\"150\" src=\"https:\/\/centralmedia.rs\/wp-content\/uploads\/2018\/06\/tt-ivana-arandjelovic-1-150x150.jpg\" class=\"attachment-thumbnail size-thumbnail\" alt=\"\" \/><\/a>\n\t\t\t<\/div><\/figure><figure class='gallery-item'>\n\t\t\t<div class='gallery-icon portrait'>\n\t\t\t\t<a href='https:\/\/centralmedia.rs\/index.php\/2018\/06\/03\/jagodinka-na-skupu-andjela-pakla-tatu-majstor-ivana-arandjelovic-foto-reportaza\/tt-ivana-arandjelovic-3\/'><img loading=\"lazy\" decoding=\"async\" width=\"150\" height=\"150\" src=\"https:\/\/centralmedia.rs\/wp-content\/uploads\/2018\/06\/tt-ivana-arandjelovic-3-150x150.jpg\" class=\"attachment-thumbnail size-thumbnail\" alt=\"\" \/><\/a>\n\t\t\t<\/div><\/figure><figure class='gallery-item'>\n\t\t\t<div class='gallery-icon portrait'>\n\t\t\t\t<a href='https:\/\/centralmedia.rs\/index.php\/2018\/06\/03\/jagodinka-na-skupu-andjela-pakla-tatu-majstor-ivana-arandjelovic-foto-reportaza\/tt-ivana-arandjelovic-4\/'><img loading=\"lazy\" decoding=\"async\" width=\"150\" height=\"150\" src=\"https:\/\/centralmedia.rs\/wp-content\/uploads\/2018\/06\/tt-ivana-arandjelovic-4-150x150.jpg\" class=\"attachment-thumbnail size-thumbnail\" alt=\"\" \/><\/a>\n\t\t\t<\/div><\/figure><figure class='gallery-item'>\n\t\t\t<div class='gallery-icon landscape'>\n\t\t\t\t<a href='https:\/\/centralmedia.rs\/index.php\/2018\/06\/03\/jagodinka-na-skupu-andjela-pakla-tatu-majstor-ivana-arandjelovic-foto-reportaza\/tt-ivana-arandjeovic-6\/'><img loading=\"lazy\" decoding=\"async\" width=\"150\" height=\"150\" src=\"https:\/\/centralmedia.rs\/wp-content\/uploads\/2018\/06\/tt-ivana-arandjeovic-6-150x150.jpg\" class=\"attachment-thumbnail size-thumbnail\" alt=\"\" srcset=\"https:\/\/centralmedia.rs\/wp-content\/uploads\/2018\/06\/tt-ivana-arandjeovic-6-150x150.jpg 150w, https:\/\/centralmedia.rs\/wp-content\/uploads\/2018\/06\/tt-ivana-arandjeovic-6-300x300.jpg 300w, https:\/\/centralmedia.rs\/wp-content\/uploads\/2018\/06\/tt-ivana-arandjeovic-6-768x768.jpg 768w, https:\/\/centralmedia.rs\/wp-content\/uploads\/2018\/06\/tt-ivana-arandjeovic-6.jpg 960w\" sizes=\"(max-width: 150px) 100vw, 150px\" \/><\/a>\n\t\t\t<\/div><\/figure><figure class='gallery-item'>\n\t\t\t<div class='gallery-icon landscape'>\n\t\t\t\t<a href='https:\/\/centralmedia.rs\/index.php\/2018\/06\/03\/jagodinka-na-skupu-andjela-pakla-tatu-majstor-ivana-arandjelovic-foto-reportaza\/tt-ivana-arandjeovic-7\/'><img loading=\"lazy\" decoding=\"async\" width=\"150\" height=\"150\" src=\"https:\/\/centralmedia.rs\/wp-content\/uploads\/2018\/06\/tt-ivana-arandjeovic-7-150x150.jpg\" class=\"attachment-thumbnail size-thumbnail\" alt=\"\" srcset=\"https:\/\/centralmedia.rs\/wp-content\/uploads\/2018\/06\/tt-ivana-arandjeovic-7-150x150.jpg 150w, https:\/\/centralmedia.rs\/wp-content\/uploads\/2018\/06\/tt-ivana-arandjeovic-7-300x300.jpg 300w, https:\/\/centralmedia.rs\/wp-content\/uploads\/2018\/06\/tt-ivana-arandjeovic-7-768x768.jpg 768w, https:\/\/centralmedia.rs\/wp-content\/uploads\/2018\/06\/tt-ivana-arandjeovic-7.jpg 960w\" sizes=\"(max-width: 150px) 100vw, 150px\" \/><\/a>\n\t\t\t<\/div><\/figure>\n\t\t<\/div>\n\n<p>&#8211; Kada sam dobila ponudu da tetoviram bajkere bez razmi\u0161ljanja sam rekla da. Moja majka me je pet puta pitala da li sam sigurna da \u017eelim da to radim. Oni ni malo nisu stra\u0161ni. Obi\u010dni su ljudi koji vole motore i tetova\u017ee. Posle prvih nekoliko sati i moja majka se razuverila, pa sada dolazi kod parka i dovodi mog sina kako bi se slikali sa motorima. U parku radim od \u010detvrtka do nedelje od 15 sati do tri ujutru, a mogu vam re\u0107i da ima mnogo posla. Tetovirala sam Holan\u0111ane, \u0160vajcarce, Litvance, \u0160pance&#8230; Pored tetoviranja, imaju i mogu\u0107nost da odu kod berberina, ali i poseban deo gde je predvi\u0111eno rvanje &#8211; pri\u010da ona.<\/p>\n<p>&#8220;An\u0111eli pakla&#8221; jo\u0161 od ranije imaju isplanirani program aktivnosti, te na bini se tokom \u010ditavog dana smenjuju rok bendovi, trbu\u0161ne plesa\u010dice, ali i truba\u010di koje stranci do\u010dekuju sa velikim odu\u0161evljenjem.<\/p>\n<p>&#8211; Bajkeri u Akva parku piju prete\u017eno pivo i viski, a najvi\u0161e vodu. Ima dosta antialkoholi\u010dara, \u0161to je meni zaista divno. Od hrane imaju poslu\u017eenje na \u0161vedskom stolu: ro\u0161tilj, salate, doma\u0107u srpsku hranu. Eto, u \u010detvrtak su na ra\u017enju pekli vola od 600 kilograma &#8211; pri\u010da Ivana.<\/p>\n<p>Bajkeri su primetili da su ih gra\u0111ani prvih par dana izbegavali, ali su ih kasnije molili za sliku i razgovor.<\/p>\n<p>-Nije bilo razloga za strah! To su sasvim normalni ljudi koji imaju normalan \u017eivot i zaposlenje kao i ostatak sveta, ali se isti\u010du malo druga\u010dijim izgledom i stilom \u017eivota. Ljubav su im motori i tetova\u017ee. Bilo je divno upoznati raznolike ljude, ostvariti kontakte, kroz pri\u010du upoznati deli\u0107 njihove kulture. Dani su prolazili uz smeh i zabavu. Potra\u017enja za tetova\u017eama je bila i ve\u0107a od o\u010dekivane. Nikakvih neprijatnosti nije bilo, ljudi su me odu\u0161evili, ka\u017ee Ivana.<\/p>\n<p>&nbsp;<\/p>\n","protected":false},"excerpt":{"rendered":"<p>JAGODINA- Skup An\u0111ela pakla u Jagodini bio je privatnog karaktera i gra\u0111ani, ali ni mediji, nisu mogli da u\u0111u u kamp. Jagodinski tatu majstor Ivana &hellip; <\/p>\n","protected":false},"author":4,"featured_media":12425,"comment_status":"open","ping_status":"open","sticky":false,"template":"","format":"standard","meta":{"footnotes":""},"categories":[1524,2,1514,16,12],"tags":[2899,2897,58],"_links":{"self":[{"href":"https:\/\/centralmedia.rs\/index.php\/wp-json\/wp\/v2\/posts\/12424"}],"collection":[{"href":"https:\/\/centralmedia.rs\/index.php\/wp-json\/wp\/v2\/posts"}],"about":[{"href":"https:\/\/centralmedia.rs\/index.php\/wp-json\/wp\/v2\/types\/post"}],"author":[{"embeddable":true,"href":"https:\/\/centralmedia.rs\/index.php\/wp-json\/wp\/v2\/users\/4"}],"replies":[{"embeddable":true,"href":"https:\/\/centralmedia.rs\/index.php\/wp-json\/wp\/v2\/comments?post=12424"}],"version-history":[{"count":3,"href":"https:\/\/centralmedia.rs\/index.php\/wp-json\/wp\/v2\/posts\/12424\/revisions"}],"predecessor-version":[{"id":12433,"href":"https:\/\/centralmedia.rs\/index.php\/wp-json\/wp\/v2\/posts\/12424\/revisions\/12433"}],"wp:featuredmedia":[{"embeddable":true,"href":"https:\/\/centralmedia.rs\/index.php\/wp-json\/wp\/v2\/media\/12425"}],"wp:attachment":[{"href":"https:\/\/centralmedia.rs\/index.php\/wp-json\/wp\/v2\/media?parent=12424"}],"wp:term":[{"taxonomy":"category","embeddable":true,"href":"https:\/\/centralmedia.rs\/index.php\/wp-json\/wp\/v2\/categories?post=12424"},{"taxonomy":"post_tag","embeddable":true,"href":"https:\/\/centralmedia.rs\/index.php\/wp-json\/wp\/v2\/tags?post=12424"}],"curies":[{"name":"wp","href":"https:\/\/api.w.org\/{rel}","templated":true}]}}