{"id":12435,"date":"2018-06-04T11:19:40","date_gmt":"2018-06-04T11:19:40","guid":{"rendered":"http:\/\/centralmedia.rs\/?p=12435"},"modified":"2018-06-04T11:25:10","modified_gmt":"2018-06-04T11:25:10","slug":"prica-o-tatoo-majstorici-andjelima-pakla-sa-portala-centralmedia-rs-u-nacionalnim-medijima-foto","status":"publish","type":"post","link":"https:\/\/centralmedia.rs\/index.php\/2018\/06\/04\/prica-o-tatoo-majstorici-andjelima-pakla-sa-portala-centralmedia-rs-u-nacionalnim-medijima-foto\/","title":{"rendered":"PRI\u010cU O TATOO MAJSTORICI I AN\u0110ELIMA PAKLA SA PORTALA CENTRALMEDIA.RS PRENELI NACIONALNI MEDIJI  (Foto)"},"content":{"rendered":"<p>JAGODINA- Pri\u010du sa portala centralmedia.rs o Ivani Aran\u0111elovi\u0107 (30) majstoru tetova\u017ee i njenom trodnevnom dru\u017eenju sa An\u0111elima Pakla na 42. Evropskom skupu u Jagodini na prvim stranama preneli nacionalni mediji. Pri\u010ditajte njenu pri\u010du i pogledajte foto reporta\u017eu raznih autora sa drustvenih mre\u017ea koji su bili u kampu, zatvorenom za medije.<\/p>\n<div id='gallery-1' class='gallery galleryid-12435 gallery-columns-5 gallery-size-thumbnail'><figure class='gallery-item'>\n\t\t\t<div class='gallery-icon portrait'>\n\t\t\t\t<a href='https:\/\/centralmedia.rs\/index.php\/2018\/06\/04\/prica-o-tatoo-majstorici-andjelima-pakla-sa-portala-centralmedia-rs-u-nacionalnim-medijima-foto\/bajkeri-1-2\/'><img loading=\"lazy\" decoding=\"async\" width=\"150\" height=\"150\" src=\"https:\/\/centralmedia.rs\/wp-content\/uploads\/2018\/06\/bajkeri-1-150x150.jpg\" class=\"attachment-thumbnail size-thumbnail\" alt=\"\" \/><\/a>\n\t\t\t<\/div><\/figure><figure class='gallery-item'>\n\t\t\t<div class='gallery-icon portrait'>\n\t\t\t\t<a href='https:\/\/centralmedia.rs\/index.php\/2018\/06\/04\/prica-o-tatoo-majstorici-andjelima-pakla-sa-portala-centralmedia-rs-u-nacionalnim-medijima-foto\/bajkeri-2\/'><img loading=\"lazy\" decoding=\"async\" width=\"150\" height=\"150\" src=\"https:\/\/centralmedia.rs\/wp-content\/uploads\/2018\/06\/bajkeri-150x150.jpg\" class=\"attachment-thumbnail size-thumbnail\" alt=\"\" \/><\/a>\n\t\t\t<\/div><\/figure><figure class='gallery-item'>\n\t\t\t<div class='gallery-icon portrait'>\n\t\t\t\t<a href='https:\/\/centralmedia.rs\/index.php\/2018\/06\/04\/prica-o-tatoo-majstorici-andjelima-pakla-sa-portala-centralmedia-rs-u-nacionalnim-medijima-foto\/bina\/'><img loading=\"lazy\" decoding=\"async\" width=\"150\" height=\"150\" src=\"https:\/\/centralmedia.rs\/wp-content\/uploads\/2018\/06\/bina-150x150.jpg\" class=\"attachment-thumbnail size-thumbnail\" alt=\"\" \/><\/a>\n\t\t\t<\/div><\/figure><figure class='gallery-item'>\n\t\t\t<div class='gallery-icon portrait'>\n\t\t\t\t<a href='https:\/\/centralmedia.rs\/index.php\/2018\/06\/04\/prica-o-tatoo-majstorici-andjelima-pakla-sa-portala-centralmedia-rs-u-nacionalnim-medijima-foto\/tatoo-majstori\/'><img loading=\"lazy\" decoding=\"async\" width=\"150\" height=\"150\" src=\"https:\/\/centralmedia.rs\/wp-content\/uploads\/2018\/06\/tatoo-majstori-150x150.jpg\" class=\"attachment-thumbnail size-thumbnail\" alt=\"\" \/><\/a>\n\t\t\t<\/div><\/figure><figure class='gallery-item'>\n\t\t\t<div class='gallery-icon landscape'>\n\t\t\t\t<a href='https:\/\/centralmedia.rs\/index.php\/2018\/06\/04\/prica-o-tatoo-majstorici-andjelima-pakla-sa-portala-centralmedia-rs-u-nacionalnim-medijima-foto\/preko-dana\/'><img loading=\"lazy\" decoding=\"async\" width=\"150\" height=\"150\" src=\"https:\/\/centralmedia.rs\/wp-content\/uploads\/2018\/06\/preko-dana-150x150.jpg\" class=\"attachment-thumbnail size-thumbnail\" alt=\"\" \/><\/a>\n\t\t\t<\/div><\/figure>\n\t\t<\/div>\n\n<p>&nbsp;<\/p>\n","protected":false},"excerpt":{"rendered":"<p>JAGODINA- Pri\u010du sa portala centralmedia.rs o Ivani Aran\u0111elovi\u0107 (30) majstoru tetova\u017ee i njenom trodnevnom dru\u017eenju sa An\u0111elima Pakla na 42. Evropskom skupu u Jagodini na &hellip; <\/p>\n","protected":false},"author":4,"featured_media":12436,"comment_status":"open","ping_status":"open","sticky":false,"template":"","format":"standard","meta":{"footnotes":""},"categories":[1524,2,1514,16,12],"tags":[2899,2897,58,2931],"_links":{"self":[{"href":"https:\/\/centralmedia.rs\/index.php\/wp-json\/wp\/v2\/posts\/12435"}],"collection":[{"href":"https:\/\/centralmedia.rs\/index.php\/wp-json\/wp\/v2\/posts"}],"about":[{"href":"https:\/\/centralmedia.rs\/index.php\/wp-json\/wp\/v2\/types\/post"}],"author":[{"embeddable":true,"href":"https:\/\/centralmedia.rs\/index.php\/wp-json\/wp\/v2\/users\/4"}],"replies":[{"embeddable":true,"href":"https:\/\/centralmedia.rs\/index.php\/wp-json\/wp\/v2\/comments?post=12435"}],"version-history":[{"count":5,"href":"https:\/\/centralmedia.rs\/index.php\/wp-json\/wp\/v2\/posts\/12435\/revisions"}],"predecessor-version":[{"id":12446,"href":"https:\/\/centralmedia.rs\/index.php\/wp-json\/wp\/v2\/posts\/12435\/revisions\/12446"}],"wp:featuredmedia":[{"embeddable":true,"href":"https:\/\/centralmedia.rs\/index.php\/wp-json\/wp\/v2\/media\/12436"}],"wp:attachment":[{"href":"https:\/\/centralmedia.rs\/index.php\/wp-json\/wp\/v2\/media?parent=12435"}],"wp:term":[{"taxonomy":"category","embeddable":true,"href":"https:\/\/centralmedia.rs\/index.php\/wp-json\/wp\/v2\/categories?post=12435"},{"taxonomy":"post_tag","embeddable":true,"href":"https:\/\/centralmedia.rs\/index.php\/wp-json\/wp\/v2\/tags?post=12435"}],"curies":[{"name":"wp","href":"https:\/\/api.w.org\/{rel}","templated":true}]}}