{"id":12447,"date":"2018-06-05T10:11:29","date_gmt":"2018-06-05T10:11:29","guid":{"rendered":"http:\/\/centralmedia.rs\/?p=12447"},"modified":"2018-06-05T10:11:29","modified_gmt":"2018-06-05T10:11:29","slug":"prvi-godisnji-koncert-gradskog-orkestra-u-cupriji","status":"publish","type":"post","link":"https:\/\/centralmedia.rs\/index.php\/2018\/06\/05\/prvi-godisnji-koncert-gradskog-orkestra-u-cupriji\/","title":{"rendered":"PRVI GODI\u0160NJI KONCERT GRADSKOG ORKESTRA U \u0106UPRIJI"},"content":{"rendered":"<p>\u0106UPRIJA- Vrhunski multi instrumentalista Bogomir Lazi\u0107 (70) okupio je mlade \u0107uprijske muzi\u010dare i formirao Gradski orkestar. U tome je uspeo uz pomo\u0107 Ustanove kulture i Muzi\u010dke \u0161kole. Sino\u0107 je u punoj sali Muzi\u010dke \u0161kole prire\u0111en je godi\u0161nji koncert sa 17 numera, a samo \u0161est meseci posle od formiranja. Najmla\u0111i u\u010desnik bila je sedmogodi\u0161nja devoj\u010dica koja je pevala ,,Ki\u0161a pada trava raste&#8221;, a Lazi\u0107 najstariji.<\/p>\n<p>-\u0106upri\u010dani su imali prilike da vide gala koncert, jer su se na jednom mestu okupili mladost, srednje doba i seniori. Lepo se sla\u017eemo. Publika je lepo prihvatila numere popularne narodne, strogradske i zabavne \u00a0muzike. Program su upotpunili horovi, solisti i plesa\u010di, ka\u017ee Lazi\u0107.<\/p>\n<div id='gallery-1' class='gallery galleryid-12447 gallery-columns-3 gallery-size-full'><figure class='gallery-item'>\n\t\t\t<div class='gallery-icon landscape'>\n\t\t\t\t<a href='https:\/\/centralmedia.rs\/index.php\/2018\/06\/05\/prvi-godisnji-koncert-gradskog-orkestra-u-cupriji\/go3\/'><img loading=\"lazy\" decoding=\"async\" width=\"900\" height=\"675\" src=\"https:\/\/centralmedia.rs\/wp-content\/uploads\/2018\/06\/go3.jpg\" class=\"attachment-full size-full\" alt=\"\" srcset=\"https:\/\/centralmedia.rs\/wp-content\/uploads\/2018\/06\/go3.jpg 900w, https:\/\/centralmedia.rs\/wp-content\/uploads\/2018\/06\/go3-300x225.jpg 300w, https:\/\/centralmedia.rs\/wp-content\/uploads\/2018\/06\/go3-768x576.jpg 768w, https:\/\/centralmedia.rs\/wp-content\/uploads\/2018\/06\/go3-80x60.jpg 80w, https:\/\/centralmedia.rs\/wp-content\/uploads\/2018\/06\/go3-265x198.jpg 265w\" sizes=\"(max-width: 900px) 100vw, 900px\" \/><\/a>\n\t\t\t<\/div><\/figure><figure class='gallery-item'>\n\t\t\t<div class='gallery-icon landscape'>\n\t\t\t\t<a href='https:\/\/centralmedia.rs\/index.php\/2018\/06\/05\/prvi-godisnji-koncert-gradskog-orkestra-u-cupriji\/go2\/'><img loading=\"lazy\" decoding=\"async\" width=\"900\" height=\"675\" src=\"https:\/\/centralmedia.rs\/wp-content\/uploads\/2018\/06\/go2.jpg\" class=\"attachment-full size-full\" alt=\"\" srcset=\"https:\/\/centralmedia.rs\/wp-content\/uploads\/2018\/06\/go2.jpg 900w, https:\/\/centralmedia.rs\/wp-content\/uploads\/2018\/06\/go2-300x225.jpg 300w, https:\/\/centralmedia.rs\/wp-content\/uploads\/2018\/06\/go2-768x576.jpg 768w, https:\/\/centralmedia.rs\/wp-content\/uploads\/2018\/06\/go2-80x60.jpg 80w, https:\/\/centralmedia.rs\/wp-content\/uploads\/2018\/06\/go2-265x198.jpg 265w\" sizes=\"(max-width: 900px) 100vw, 900px\" \/><\/a>\n\t\t\t<\/div><\/figure><figure class='gallery-item'>\n\t\t\t<div class='gallery-icon landscape'>\n\t\t\t\t<a href='https:\/\/centralmedia.rs\/index.php\/2018\/06\/05\/prvi-godisnji-koncert-gradskog-orkestra-u-cupriji\/go-1\/'><img loading=\"lazy\" decoding=\"async\" width=\"900\" height=\"675\" src=\"https:\/\/centralmedia.rs\/wp-content\/uploads\/2018\/06\/go-1.jpg\" class=\"attachment-full size-full\" alt=\"\" srcset=\"https:\/\/centralmedia.rs\/wp-content\/uploads\/2018\/06\/go-1.jpg 900w, https:\/\/centralmedia.rs\/wp-content\/uploads\/2018\/06\/go-1-300x225.jpg 300w, https:\/\/centralmedia.rs\/wp-content\/uploads\/2018\/06\/go-1-768x576.jpg 768w, https:\/\/centralmedia.rs\/wp-content\/uploads\/2018\/06\/go-1-80x60.jpg 80w, https:\/\/centralmedia.rs\/wp-content\/uploads\/2018\/06\/go-1-265x198.jpg 265w\" sizes=\"(max-width: 900px) 100vw, 900px\" \/><\/a>\n\t\t\t<\/div><\/figure>\n\t\t<\/div>\n\n<p>U jesen pro\u0161le godine realizovana je ideja formiranja Gradskog orkestra, po\u010dele su probe koje su dovele do godi\u0161njeg koncerta.<\/p>\n<p>-Vratio sam se u Srbiju i razmi\u0161ljao kako bi mogao da pomognem da se \u0106uprija ponovo muzi\u010dki o\u017eivi. Nekada smo bili \u010duveni po igrankama i svirkama na velikom broju mesta. Primetio sam da ima puno grupica mladih koji sviraju i okupio ih na jednom mestu. Ustanova kulture i Muzi\u010dka \u0161kola dali su svoj doprinos, podse\u0107a Lazi\u0107, koga svi zovu ,,profesore&#8221;.<\/p>\n","protected":false},"excerpt":{"rendered":"<p>\u0106UPRIJA- Vrhunski multi instrumentalista Bogomir Lazi\u0107 (70) okupio je mlade \u0107uprijske muzi\u010dare i formirao Gradski orkestar. U tome je uspeo uz pomo\u0107 Ustanove kulture i &hellip; <\/p>\n","protected":false},"author":4,"featured_media":12448,"comment_status":"open","ping_status":"open","sticky":false,"template":"","format":"standard","meta":{"footnotes":""},"categories":[1515,1524,2,15,887,12],"tags":[44,2546,2932],"_links":{"self":[{"href":"https:\/\/centralmedia.rs\/index.php\/wp-json\/wp\/v2\/posts\/12447"}],"collection":[{"href":"https:\/\/centralmedia.rs\/index.php\/wp-json\/wp\/v2\/posts"}],"about":[{"href":"https:\/\/centralmedia.rs\/index.php\/wp-json\/wp\/v2\/types\/post"}],"author":[{"embeddable":true,"href":"https:\/\/centralmedia.rs\/index.php\/wp-json\/wp\/v2\/users\/4"}],"replies":[{"embeddable":true,"href":"https:\/\/centralmedia.rs\/index.php\/wp-json\/wp\/v2\/comments?post=12447"}],"version-history":[{"count":1,"href":"https:\/\/centralmedia.rs\/index.php\/wp-json\/wp\/v2\/posts\/12447\/revisions"}],"predecessor-version":[{"id":12452,"href":"https:\/\/centralmedia.rs\/index.php\/wp-json\/wp\/v2\/posts\/12447\/revisions\/12452"}],"wp:featuredmedia":[{"embeddable":true,"href":"https:\/\/centralmedia.rs\/index.php\/wp-json\/wp\/v2\/media\/12448"}],"wp:attachment":[{"href":"https:\/\/centralmedia.rs\/index.php\/wp-json\/wp\/v2\/media?parent=12447"}],"wp:term":[{"taxonomy":"category","embeddable":true,"href":"https:\/\/centralmedia.rs\/index.php\/wp-json\/wp\/v2\/categories?post=12447"},{"taxonomy":"post_tag","embeddable":true,"href":"https:\/\/centralmedia.rs\/index.php\/wp-json\/wp\/v2\/tags?post=12447"}],"curies":[{"name":"wp","href":"https:\/\/api.w.org\/{rel}","templated":true}]}}