{"id":12496,"date":"2018-06-08T10:00:33","date_gmt":"2018-06-08T10:00:33","guid":{"rendered":"http:\/\/centralmedia.rs\/?p=12496"},"modified":"2018-06-08T10:03:48","modified_gmt":"2018-06-08T10:03:48","slug":"ubijen-predrag-milovanovic-iz-cuprije","status":"publish","type":"post","link":"https:\/\/centralmedia.rs\/index.php\/2018\/06\/08\/ubijen-predrag-milovanovic-iz-cuprije\/","title":{"rendered":"UBIJEN PREDRAG MILOVANOVI\u0106 IZ \u0106UPRIJE"},"content":{"rendered":"<p>\u0106UPRIJA- Predrag Milovanovi\u0107 (35) iz \u0106uprije sino\u0107 je ubijen iz vatrenog oru\u017eja u tom gradu. Na njega pucano sa vi\u0161e hitaca iz vatrenog oru\u017eja. Policija traga za po\u010diniocem ili po\u010diniocima ovog ubistva. Njega su te\u0161ko ranjenog prona\u0161li gra\u0111ani koji su pozvali hitnu pomo\u0107, me\u0111utim on je preminuo od posledica ranjavanja u \u0107uprijskoj bolnici.<\/p>\n<figure id=\"attachment_12497\" aria-describedby=\"caption-attachment-12497\" style=\"width: 300px\" class=\"wp-caption alignright\"><a href=\"https:\/\/centralmedia.rs\/wp-content\/uploads\/2018\/06\/predrag-milovanovic-1.jpg\"><img loading=\"lazy\" decoding=\"async\" class=\"size-medium wp-image-12497\" src=\"https:\/\/centralmedia.rs\/wp-content\/uploads\/2018\/06\/predrag-milovanovic-1-300x300.jpg\" alt=\"\" width=\"300\" height=\"300\" srcset=\"https:\/\/centralmedia.rs\/wp-content\/uploads\/2018\/06\/predrag-milovanovic-1-300x300.jpg 300w, https:\/\/centralmedia.rs\/wp-content\/uploads\/2018\/06\/predrag-milovanovic-1-150x150.jpg 150w, https:\/\/centralmedia.rs\/wp-content\/uploads\/2018\/06\/predrag-milovanovic-1-768x768.jpg 768w, https:\/\/centralmedia.rs\/wp-content\/uploads\/2018\/06\/predrag-milovanovic-1.jpg 960w\" sizes=\"(max-width: 300px) 100vw, 300px\" \/><\/a><figcaption id=\"caption-attachment-12497\" class=\"wp-caption-text\">Predrag Milovanovi\u0107<\/figcaption><\/figure>\n<p>&#8211; Pe\u0111a se ranije bavio kikboksom u KKB \u0160e\u0107eranac, koliko znamo bio je osu\u0111ivan u \u0160vajcarskoj, predhodno je radio u op\u0161tini. Nije se isticao po gradu po negativnim situacijama. Radio u poslednje vreme u kladionici. Velika tragedija za sve koji su ga poznavali, pri\u010daju \u0106upri\u010dani.<\/p>\n<p>Na svom profilu na dru\u0161tenim mre\u017eama Milovanovi\u0107 je zapisao citat ,,Ja nisam lo\u0161 \u010dovek,zajeb&#8217;o ne bih.Ali postajem sve gori jer ste tako to hteli!&#8221;<\/p>\n","protected":false},"excerpt":{"rendered":"<p>\u0106UPRIJA- Predrag Milovanovi\u0107 (35) iz \u0106uprije sino\u0107 je ubijen iz vatrenog oru\u017eja u tom gradu. Na njega pucano sa vi\u0161e hitaca iz vatrenog oru\u017eja. Policija &hellip; <\/p>\n","protected":false},"author":4,"featured_media":8217,"comment_status":"open","ping_status":"open","sticky":false,"template":"","format":"standard","meta":{"footnotes":""},"categories":[1515,1524,20,2],"tags":[44,2942,1359],"_links":{"self":[{"href":"https:\/\/centralmedia.rs\/index.php\/wp-json\/wp\/v2\/posts\/12496"}],"collection":[{"href":"https:\/\/centralmedia.rs\/index.php\/wp-json\/wp\/v2\/posts"}],"about":[{"href":"https:\/\/centralmedia.rs\/index.php\/wp-json\/wp\/v2\/types\/post"}],"author":[{"embeddable":true,"href":"https:\/\/centralmedia.rs\/index.php\/wp-json\/wp\/v2\/users\/4"}],"replies":[{"embeddable":true,"href":"https:\/\/centralmedia.rs\/index.php\/wp-json\/wp\/v2\/comments?post=12496"}],"version-history":[{"count":3,"href":"https:\/\/centralmedia.rs\/index.php\/wp-json\/wp\/v2\/posts\/12496\/revisions"}],"predecessor-version":[{"id":12500,"href":"https:\/\/centralmedia.rs\/index.php\/wp-json\/wp\/v2\/posts\/12496\/revisions\/12500"}],"wp:featuredmedia":[{"embeddable":true,"href":"https:\/\/centralmedia.rs\/index.php\/wp-json\/wp\/v2\/media\/8217"}],"wp:attachment":[{"href":"https:\/\/centralmedia.rs\/index.php\/wp-json\/wp\/v2\/media?parent=12496"}],"wp:term":[{"taxonomy":"category","embeddable":true,"href":"https:\/\/centralmedia.rs\/index.php\/wp-json\/wp\/v2\/categories?post=12496"},{"taxonomy":"post_tag","embeddable":true,"href":"https:\/\/centralmedia.rs\/index.php\/wp-json\/wp\/v2\/tags?post=12496"}],"curies":[{"name":"wp","href":"https:\/\/api.w.org\/{rel}","templated":true}]}}