{"id":12502,"date":"2018-06-10T08:34:16","date_gmt":"2018-06-10T08:34:16","guid":{"rendered":"http:\/\/centralmedia.rs\/?p=12502"},"modified":"2018-06-10T08:34:42","modified_gmt":"2018-06-10T08:34:42","slug":"predstava-kamerna-muzikapobednik-festivala-u-svilajncu","status":"publish","type":"post","link":"https:\/\/centralmedia.rs\/index.php\/2018\/06\/10\/predstava-kamerna-muzikapobednik-festivala-u-svilajncu\/","title":{"rendered":"PREDSTAVA KAMERNA MUZIKA POBEDNIK FESTIVALA U SVILAJNCU"},"content":{"rendered":"<p>SVILAJNAC- Predstava \u00a0,,Kamerna muzika&#8221; Kot teatara iz Beograda pobednik je 2. Me\u0111unarodnog omladinskog pozori\u0161nog festivala\u00a0 &#8220;Svilena maska&#8221;,<a href=\"https:\/\/centralmedia.rs\/wp-content\/uploads\/2018\/06\/MM1.jpg\"><img loading=\"lazy\" decoding=\"async\" class=\"alignright size-medium wp-image-12504\" src=\"https:\/\/centralmedia.rs\/wp-content\/uploads\/2018\/06\/MM1-300x200.jpg\" alt=\"\" width=\"300\" height=\"200\" srcset=\"https:\/\/centralmedia.rs\/wp-content\/uploads\/2018\/06\/MM1-300x200.jpg 300w, https:\/\/centralmedia.rs\/wp-content\/uploads\/2018\/06\/MM1-768x512.jpg 768w, https:\/\/centralmedia.rs\/wp-content\/uploads\/2018\/06\/MM1.jpg 900w\" sizes=\"(max-width: 300px) 100vw, 300px\" \/><\/a> odlu\u010dio je dvo\u010dlani \u017eiri, koji su \u010dinile Srna Lango, glumica, i Jelena Tomi\u0107, direktor Resavske boblioteke Svilajnac. \u00a0Festivalski maraton \u0161est predstava razli\u010ditih \u017eanrova za \u0161est sati u jednom danu \u010dini posebnim ovu manifestaciju. Predstave je pratilo preko pet stotina gledalaca. Igrane su predstave omladinskih amaterskih pozori\u0161ta iz Kragujevca, Beograda, Smedereva, Makedonije i Banja Luke, dok je Svilajnac je nastupao u revijalnom delu. Nagrada za najbolju re\u017eiju pripala je Novom Selu iz Makedonije, najbolju mu\u0161ku odigrao je Filip Miji\u0107 iz Dis Teatra Banja Luka, dok je najbolja \u017eenska uloga Sanja Nestorovi\u0107 iz KOT TEATRA Beograd. Pokrovitelj festival je \u00a0op\u0161tina Svilajnac.<\/p>\n","protected":false},"excerpt":{"rendered":"<p>SVILAJNAC- Predstava \u00a0,,Kamerna muzika&#8221; Kot teatara iz Beograda pobednik je 2. Me\u0111unarodnog omladinskog pozori\u0161nog festivala\u00a0 &#8220;Svilena maska&#8221;, odlu\u010dio je dvo\u010dlani \u017eiri, koji su \u010dinile Srna &hellip; <\/p>\n","protected":false},"author":4,"featured_media":12503,"comment_status":"open","ping_status":"open","sticky":false,"template":"","format":"standard","meta":{"footnotes":""},"categories":[1524,2,15,887,12,1517],"tags":[1052,1537,38],"_links":{"self":[{"href":"https:\/\/centralmedia.rs\/index.php\/wp-json\/wp\/v2\/posts\/12502"}],"collection":[{"href":"https:\/\/centralmedia.rs\/index.php\/wp-json\/wp\/v2\/posts"}],"about":[{"href":"https:\/\/centralmedia.rs\/index.php\/wp-json\/wp\/v2\/types\/post"}],"author":[{"embeddable":true,"href":"https:\/\/centralmedia.rs\/index.php\/wp-json\/wp\/v2\/users\/4"}],"replies":[{"embeddable":true,"href":"https:\/\/centralmedia.rs\/index.php\/wp-json\/wp\/v2\/comments?post=12502"}],"version-history":[{"count":2,"href":"https:\/\/centralmedia.rs\/index.php\/wp-json\/wp\/v2\/posts\/12502\/revisions"}],"predecessor-version":[{"id":12506,"href":"https:\/\/centralmedia.rs\/index.php\/wp-json\/wp\/v2\/posts\/12502\/revisions\/12506"}],"wp:featuredmedia":[{"embeddable":true,"href":"https:\/\/centralmedia.rs\/index.php\/wp-json\/wp\/v2\/media\/12503"}],"wp:attachment":[{"href":"https:\/\/centralmedia.rs\/index.php\/wp-json\/wp\/v2\/media?parent=12502"}],"wp:term":[{"taxonomy":"category","embeddable":true,"href":"https:\/\/centralmedia.rs\/index.php\/wp-json\/wp\/v2\/categories?post=12502"},{"taxonomy":"post_tag","embeddable":true,"href":"https:\/\/centralmedia.rs\/index.php\/wp-json\/wp\/v2\/tags?post=12502"}],"curies":[{"name":"wp","href":"https:\/\/api.w.org\/{rel}","templated":true}]}}