{"id":12522,"date":"2018-06-11T06:12:51","date_gmt":"2018-06-11T06:12:51","guid":{"rendered":"http:\/\/centralmedia.rs\/?p=12522"},"modified":"2018-06-11T06:14:41","modified_gmt":"2018-06-11T06:14:41","slug":"svilajnacki-prirodnjacki-centar-predstavljao-srbiju-u-ljubljani","status":"publish","type":"post","link":"https:\/\/centralmedia.rs\/index.php\/2018\/06\/11\/svilajnacki-prirodnjacki-centar-predstavljao-srbiju-u-ljubljani\/","title":{"rendered":"SVILAJNA\u010cKI PRIRODNJA\u010cKI CENTAR PREDSTAVLJAO SRBIJU U LJUBLJANI"},"content":{"rendered":"<p>LJUBLJANA- Prirodnja\u010dki centar Srbije iz Svilajnca pretstavaljao <a href=\"https:\/\/centralmedia.rs\/wp-content\/uploads\/2018\/06\/guzva.jpg\"><img loading=\"lazy\" decoding=\"async\" class=\"alignright size-medium wp-image-12526\" src=\"https:\/\/centralmedia.rs\/wp-content\/uploads\/2018\/06\/guzva-300x225.jpg\" alt=\"\" width=\"300\" height=\"225\" srcset=\"https:\/\/centralmedia.rs\/wp-content\/uploads\/2018\/06\/guzva-300x225.jpg 300w, https:\/\/centralmedia.rs\/wp-content\/uploads\/2018\/06\/guzva-768x576.jpg 768w, https:\/\/centralmedia.rs\/wp-content\/uploads\/2018\/06\/guzva-80x60.jpg 80w, https:\/\/centralmedia.rs\/wp-content\/uploads\/2018\/06\/guzva-265x198.jpg 265w, https:\/\/centralmedia.rs\/wp-content\/uploads\/2018\/06\/guzva.jpg 960w\" sizes=\"(max-width: 300px) 100vw, 300px\" \/><\/a>je Srbiju na manifestaciji &#8220;\u010caroban dan&#8221; u Ljubljani, \u00a0koja je posve\u0107ena porodi\u010dnom dru\u017eenju. Turisti\u010dka organizacija Srbije pozvala je \u00a0Prirodnja\u010dki centar da se predstavi u Ljubljani i na taj na\u010din pretstavi turisti\u010dku ponudu i potencijal Srbije. Zahvaljuju\u0107i Prirodnja\u010dkom centru Svilajnac je jedna od najbr\u017ee rastu\u0107ih destinacija u regionu. Svakodnevne gu\u017eve karakteristi\u010dne su za ovaj period jer se realizuju u\u010deni\u010dke ekskurzije.<\/p>\n","protected":false},"excerpt":{"rendered":"<p>LJUBLJANA- Prirodnja\u010dki centar Srbije iz Svilajnca pretstavaljao je Srbiju na manifestaciji &#8220;\u010caroban dan&#8221; u Ljubljani, \u00a0koja je posve\u0107ena porodi\u010dnom dru\u017eenju. Turisti\u010dka organizacija Srbije pozvala je &hellip; <\/p>\n","protected":false},"author":4,"featured_media":12524,"comment_status":"open","ping_status":"open","sticky":false,"template":"","format":"standard","meta":{"footnotes":""},"categories":[1524,2,887,16,12,1517],"tags":[],"_links":{"self":[{"href":"https:\/\/centralmedia.rs\/index.php\/wp-json\/wp\/v2\/posts\/12522"}],"collection":[{"href":"https:\/\/centralmedia.rs\/index.php\/wp-json\/wp\/v2\/posts"}],"about":[{"href":"https:\/\/centralmedia.rs\/index.php\/wp-json\/wp\/v2\/types\/post"}],"author":[{"embeddable":true,"href":"https:\/\/centralmedia.rs\/index.php\/wp-json\/wp\/v2\/users\/4"}],"replies":[{"embeddable":true,"href":"https:\/\/centralmedia.rs\/index.php\/wp-json\/wp\/v2\/comments?post=12522"}],"version-history":[{"count":3,"href":"https:\/\/centralmedia.rs\/index.php\/wp-json\/wp\/v2\/posts\/12522\/revisions"}],"predecessor-version":[{"id":12528,"href":"https:\/\/centralmedia.rs\/index.php\/wp-json\/wp\/v2\/posts\/12522\/revisions\/12528"}],"wp:featuredmedia":[{"embeddable":true,"href":"https:\/\/centralmedia.rs\/index.php\/wp-json\/wp\/v2\/media\/12524"}],"wp:attachment":[{"href":"https:\/\/centralmedia.rs\/index.php\/wp-json\/wp\/v2\/media?parent=12522"}],"wp:term":[{"taxonomy":"category","embeddable":true,"href":"https:\/\/centralmedia.rs\/index.php\/wp-json\/wp\/v2\/categories?post=12522"},{"taxonomy":"post_tag","embeddable":true,"href":"https:\/\/centralmedia.rs\/index.php\/wp-json\/wp\/v2\/tags?post=12522"}],"curies":[{"name":"wp","href":"https:\/\/api.w.org\/{rel}","templated":true}]}}