{"id":1255,"date":"2015-11-23T11:02:51","date_gmt":"2015-11-23T11:02:51","guid":{"rendered":"http:\/\/centralmedia.rs\/?p=1255"},"modified":"2015-11-23T11:02:51","modified_gmt":"2015-11-23T11:02:51","slug":"paznja-vozaci-saobracajna-policija-najavljuje-novi-harac","status":"publish","type":"post","link":"https:\/\/centralmedia.rs\/index.php\/2015\/11\/23\/paznja-vozaci-saobracajna-policija-najavljuje-novi-harac\/","title":{"rendered":"PA\u017dNJA VOZA\u010cI-SAOBRA\u0106AJNA POLICIJA NAJAVLJUJE NOVI HARA\u010c"},"content":{"rendered":"<p>Posle avgustovskog i septembarskog ,,hara\u010da\u201c, kada je nov\u010danim i vremenskim kaznama sankcionisano preko  6.000 voza\u010da,  policija dana\u0161njim saop\u0161tenjem najavljuje novi talas represivnih mera i kazni prema voza\u010dima u Pomoravlju od po\u010detka decembra. Zato voza\u010di na vreme pro\u010ditajte nove propise i visinu kazni, te zamenite letnje gume zimskim, u suprtonom ne gine vam nov\u010dana kazna ili bogat ru\u010dak u restoranu.<br \/>\n-U cilju pripreme vozila za bezbednije u\u010de\u0161\u0107e u saobra\u0107aju, Ministarstvo unutra\u0161njih poslova Republike Srbije \u0107e, u saradnji sa Auto-moto savezom Srbije i Asocijacijom tehni\u010dkih pregleda vozila, u periodu od 23. do 28. novembra 2015. godine, sprovesti preventivno-propagandnu akciju poja\u010dane kontrole saobra\u0107aja pod nazivom \u201cISPRAVNO VOZILO\u2013BEZBEDNO VOZILO\u201d. <\/p>\n<p>Osnovni cilj akcije je besplatna provera tehni\u010dke ispravnosti vozila, kako bi se uo\u010dene nepravilnosti blagovremeno otklonile, a time ostvarili povoljni preduslovi za bezbedno odvijanje saobra\u0107aja. Tako\u0111e, znatno bi se pove\u0107ao stepen ispravnosti vozila na na\u0161im putevima. <\/p>\n<p>Ministarstvo unutra\u0161njih poslova apeluje na sve vlasnike da provere ispravnost svojih vozila i spremni do\u010dekaju odvijanje saobra\u0107aja u ote\u017eanim uslovima, kao \u0161to su sneg, ki\u0161a, poledica i sl.<\/p>\n<p>Po zavr\u0161etku ove akcije, pripadnici saobra\u0107ajne policije intenzivno \u0107e vr\u0161iti kontrolu tehni\u010dke ispravnosti svih vozila. <\/p>\n<p>Zbog u\u010dinjenih prekr\u0161aja nepo\u0161tovanja pravila saobra\u0107aja, prema voza\u010dima bi\u0107e preduzete zakonom propisane mere, stoji u saop\u0161tenju policije.<\/p>\n","protected":false},"excerpt":{"rendered":"<p>Posle avgustovskog i septembarskog ,,hara\u010da\u201c, kada je nov\u010danim i vremenskim kaznama sankcionisano preko 6.000 voza\u010da, policija dana\u0161njim saop\u0161tenjem najavljuje novi talas represivnih mera i kazni &hellip; <\/p>\n","protected":false},"author":4,"featured_media":0,"comment_status":"open","ping_status":"open","sticky":false,"template":"","format":"standard","meta":{"footnotes":""},"categories":[20,2,12],"tags":[250,251,249],"_links":{"self":[{"href":"https:\/\/centralmedia.rs\/index.php\/wp-json\/wp\/v2\/posts\/1255"}],"collection":[{"href":"https:\/\/centralmedia.rs\/index.php\/wp-json\/wp\/v2\/posts"}],"about":[{"href":"https:\/\/centralmedia.rs\/index.php\/wp-json\/wp\/v2\/types\/post"}],"author":[{"embeddable":true,"href":"https:\/\/centralmedia.rs\/index.php\/wp-json\/wp\/v2\/users\/4"}],"replies":[{"embeddable":true,"href":"https:\/\/centralmedia.rs\/index.php\/wp-json\/wp\/v2\/comments?post=1255"}],"version-history":[{"count":0,"href":"https:\/\/centralmedia.rs\/index.php\/wp-json\/wp\/v2\/posts\/1255\/revisions"}],"wp:attachment":[{"href":"https:\/\/centralmedia.rs\/index.php\/wp-json\/wp\/v2\/media?parent=1255"}],"wp:term":[{"taxonomy":"category","embeddable":true,"href":"https:\/\/centralmedia.rs\/index.php\/wp-json\/wp\/v2\/categories?post=1255"},{"taxonomy":"post_tag","embeddable":true,"href":"https:\/\/centralmedia.rs\/index.php\/wp-json\/wp\/v2\/tags?post=1255"}],"curies":[{"name":"wp","href":"https:\/\/api.w.org\/{rel}","templated":true}]}}