{"id":12557,"date":"2018-06-12T06:42:42","date_gmt":"2018-06-12T06:42:42","guid":{"rendered":"http:\/\/centralmedia.rs\/?p=12557"},"modified":"2018-06-12T06:42:42","modified_gmt":"2018-06-12T06:42:42","slug":"vs-pep-beograd-tradicionalni-pokrovitelj-sabora-kumova-u-goracicima","status":"publish","type":"post","link":"https:\/\/centralmedia.rs\/index.php\/2018\/06\/12\/vs-pep-beograd-tradicionalni-pokrovitelj-sabora-kumova-u-goracicima\/","title":{"rendered":"V\u0160 PEP BEOGRAD TRADICIONALNI POKROVITELJ SABORA KUMOVA U GORA\u010cI\u0106IMA"},"content":{"rendered":"<p>GORA\u010cI\u0106I- Visoka \u0161kola za poslovnu ekonomiju i preduzetni\u0161tvo (V\u0160 PEP) iz Beograda \u00a0devet godina za redom pokrivitelj je manifestacije \u201eSabor kumova\u201c koji se odr\u017eava u selu Gora\u010di\u0107i u Draga\u010devu. Re\u010d je o jedinstvenoj manifestacij na svetu koja slavi obi\u010daj kumstva\u00a0,ali i promovi\u0161e srpske obi\u010daje, kulturu i turizam.<\/p>\n<p>U trci za titulu najboljih kumova u 2018.godini u\u010destvovala su 24. kumovska para, a pobednik je izabran posle devet \u0161ahovskih kola po brzopletom tempu igre.<\/p>\n<p>Zvanje najboljih kumova na tradicionalnom saboru kumova u draga\u010devskom selu Gora\u010di\u0107i pripalo je internacionalnom \u0161ahovskom majstoru JovanuTodorovi\u0107u\u00a0 i FIDE majstoru Ivanu Marti\u0107u.<\/p>\n<p>Drugo mesto osvojili su internacionalni majstori Mladen Milenkovi\u0107 i Boroljub Zlatanovi\u0107, dok je tre\u0107e mesto pripalo pro\u0161logodi\u0161njim pobednicima velemajstoru Borku Lajthajmu i internacionalnom majstoru Dejanu Pavlovi\u0107u.<\/p>\n<p>U Gora\u010di\u0107ima je odr\u017eano i \u00a0takmi\u010denje u spremanju jeli\u010dke gibanice. Uprkos promenljivom vremenu, veliki broj posetilaca iz zemlje i inostranstva mogao je da u\u017eiva u zvucima trube, srpskoj narodnoj kuhinji i prelepom ambijentu planine Jelice.<\/p>\n<p>V\u0160 PEP je prepoznatljiva kao dru\u0161tveno odgovorna ustanava koja podr\u017eava kulturne i sportske doga\u0111aje, stipendira telentovane ali i socijalno ugro\u017eene studente, \u0161to je i potvr\u0111eno nizom presti\u017enih priznanja.<\/p>\n<p>Zahvaljuju\u0107i V\u0160 PEP Sabor kumova je postao jedna od najve\u0107ih manifestacija u Draga\u010devu, i pored Sabora truba\u010da u Gu\u010di, za\u0161titni znak ovog kraja.<\/p>\n<p><strong>\u00a0<\/strong><\/p>\n<p><strong>\u00a0<\/strong><\/p>\n","protected":false},"excerpt":{"rendered":"<p>GORA\u010cI\u0106I- Visoka \u0161kola za poslovnu ekonomiju i preduzetni\u0161tvo (V\u0160 PEP) iz Beograda \u00a0devet godina za redom pokrivitelj je manifestacije \u201eSabor kumova\u201c koji se odr\u017eava u &hellip; <\/p>\n","protected":false},"author":4,"featured_media":12558,"comment_status":"open","ping_status":"open","sticky":false,"template":"","format":"standard","meta":{"footnotes":""},"categories":[14,2,12],"tags":[2938,2940,2677],"_links":{"self":[{"href":"https:\/\/centralmedia.rs\/index.php\/wp-json\/wp\/v2\/posts\/12557"}],"collection":[{"href":"https:\/\/centralmedia.rs\/index.php\/wp-json\/wp\/v2\/posts"}],"about":[{"href":"https:\/\/centralmedia.rs\/index.php\/wp-json\/wp\/v2\/types\/post"}],"author":[{"embeddable":true,"href":"https:\/\/centralmedia.rs\/index.php\/wp-json\/wp\/v2\/users\/4"}],"replies":[{"embeddable":true,"href":"https:\/\/centralmedia.rs\/index.php\/wp-json\/wp\/v2\/comments?post=12557"}],"version-history":[{"count":1,"href":"https:\/\/centralmedia.rs\/index.php\/wp-json\/wp\/v2\/posts\/12557\/revisions"}],"predecessor-version":[{"id":12559,"href":"https:\/\/centralmedia.rs\/index.php\/wp-json\/wp\/v2\/posts\/12557\/revisions\/12559"}],"wp:featuredmedia":[{"embeddable":true,"href":"https:\/\/centralmedia.rs\/index.php\/wp-json\/wp\/v2\/media\/12558"}],"wp:attachment":[{"href":"https:\/\/centralmedia.rs\/index.php\/wp-json\/wp\/v2\/media?parent=12557"}],"wp:term":[{"taxonomy":"category","embeddable":true,"href":"https:\/\/centralmedia.rs\/index.php\/wp-json\/wp\/v2\/categories?post=12557"},{"taxonomy":"post_tag","embeddable":true,"href":"https:\/\/centralmedia.rs\/index.php\/wp-json\/wp\/v2\/tags?post=12557"}],"curies":[{"name":"wp","href":"https:\/\/api.w.org\/{rel}","templated":true}]}}