{"id":12560,"date":"2018-06-12T07:13:22","date_gmt":"2018-06-12T07:13:22","guid":{"rendered":"http:\/\/centralmedia.rs\/?p=12560"},"modified":"2018-06-12T07:13:22","modified_gmt":"2018-06-12T07:13:22","slug":"razgovor-sa-ninoslavom-ericem-predsednikom-opstine-cuprija-prioritet-resavanje-vodosnabdevanja","status":"publish","type":"post","link":"https:\/\/centralmedia.rs\/index.php\/2018\/06\/12\/razgovor-sa-ninoslavom-ericem-predsednikom-opstine-cuprija-prioritet-resavanje-vodosnabdevanja\/","title":{"rendered":"RAZGOVOR SA NINOSLAVOM ERI\u0106EM PREDSEDNIKOM OP\u0160TINE \u0106UPRIJA &#8211; PRIORITET RE\u0160AVANJE VODOSNABDEVANJA"},"content":{"rendered":"<p>\u0106UPRIJA-Na nedavnom sastanku rukovodstva \u0106uprije sa premijerkom Anom Brnabi\u0107 precizirani su prioriteti,a jedna od glavnih je re\u0161avanje vi\u0161edecenijskog problema vodosnabdevanja tog grada. Predsednik op\u0161tine \u0106uprija Ninoslav Eri\u0107a izjavio je da \u0107e za dve, tri godine taj problem biti kona\u010dno re\u0161en uz pomo\u0107 Vlade Srbije i Kancelarije za javna ulaganja.<\/p>\n<p>-Bud\u017eetom je predvi\u0111ena izgradnja dva nova bunara, tako\u0111e, re\u0161avamo\u00a0 niz \u00a0spornih stvari vezanih za ekspropijaciju zemlje na Kara\u0111or\u0111evom brdu. Radimo projekat za rekonstrukciju celokupne vodovodne mre\u017ee. Uz pomo\u0107 Vlade Srbije i Kancelarije za javna ulaganja mislim da \u0107emo do 2020. godine uspeti da re\u0161imo vi\u0161edecenijski problem. Vodovod je star preko 50 godina i bukvalno svakodnevno imamo po pet, \u0161est kvarova koji nas ko\u010de. Radi\u0107emo na tome da celokupnu vodovodnu mre\u017eu zamenimo, najavljuje Eri\u0107.<\/p>\n<p>\u0106uprija i Para\u0107in su potpisale aran\u017eman sa Nema\u010dkom razvojnom bankom za projekat zamene cevi na magistralnom vodovodu od izvori\u0161ta Sveta Petka do Para\u0107ina.<\/p>\n<p>-Voda koja dolazi iz pravca izvori\u0161ta Sveta Petka je po 50 odsto u vlasni\u0161tvu \u0106uprije i Para\u0107ina, bez\u00a0 nas to ne mo\u017ee da se realizuje. Radovi kre\u0107u u septembru. Zato ka\u017eem da je potrebno dve godine da se zavr\u0161i magistralni cevodvod do Kara\u0111or\u0111evod brda, a uporedo \u0107emo re\u0161avati cevovod prema \u0106upriji i celokupnu \u00a0mre\u017eu u gradu. Sa tim poslovima zaokru\u017ei\u0107emo celokupnu sliku i re\u0161iti problem vodosnabdevanja. Problem je taj \u0161to se godinama nije ulagalo, sada je vreme da se ula\u017ee i mislim da \u0107emo izneti problem i re\u0161iti ga u naredne dve, tri godine, zaklju\u010dio je Eri\u0107.<\/p>\n","protected":false},"excerpt":{"rendered":"<p>\u0106UPRIJA-Na nedavnom sastanku rukovodstva \u0106uprije sa premijerkom Anom Brnabi\u0107 precizirani su prioriteti,a jedna od glavnih je re\u0161avanje vi\u0161edecenijskog problema vodosnabdevanja tog grada. Predsednik op\u0161tine \u0106uprija &hellip; <\/p>\n","protected":false},"author":4,"featured_media":12330,"comment_status":"open","ping_status":"open","sticky":false,"template":"","format":"standard","meta":{"footnotes":""},"categories":[1515,1524,2,13,887,12],"tags":[44,759,301],"_links":{"self":[{"href":"https:\/\/centralmedia.rs\/index.php\/wp-json\/wp\/v2\/posts\/12560"}],"collection":[{"href":"https:\/\/centralmedia.rs\/index.php\/wp-json\/wp\/v2\/posts"}],"about":[{"href":"https:\/\/centralmedia.rs\/index.php\/wp-json\/wp\/v2\/types\/post"}],"author":[{"embeddable":true,"href":"https:\/\/centralmedia.rs\/index.php\/wp-json\/wp\/v2\/users\/4"}],"replies":[{"embeddable":true,"href":"https:\/\/centralmedia.rs\/index.php\/wp-json\/wp\/v2\/comments?post=12560"}],"version-history":[{"count":1,"href":"https:\/\/centralmedia.rs\/index.php\/wp-json\/wp\/v2\/posts\/12560\/revisions"}],"predecessor-version":[{"id":12561,"href":"https:\/\/centralmedia.rs\/index.php\/wp-json\/wp\/v2\/posts\/12560\/revisions\/12561"}],"wp:featuredmedia":[{"embeddable":true,"href":"https:\/\/centralmedia.rs\/index.php\/wp-json\/wp\/v2\/media\/12330"}],"wp:attachment":[{"href":"https:\/\/centralmedia.rs\/index.php\/wp-json\/wp\/v2\/media?parent=12560"}],"wp:term":[{"taxonomy":"category","embeddable":true,"href":"https:\/\/centralmedia.rs\/index.php\/wp-json\/wp\/v2\/categories?post=12560"},{"taxonomy":"post_tag","embeddable":true,"href":"https:\/\/centralmedia.rs\/index.php\/wp-json\/wp\/v2\/tags?post=12560"}],"curies":[{"name":"wp","href":"https:\/\/api.w.org\/{rel}","templated":true}]}}