{"id":12566,"date":"2018-06-13T06:16:29","date_gmt":"2018-06-13T06:16:29","guid":{"rendered":"http:\/\/centralmedia.rs\/?p=12566"},"modified":"2018-06-13T06:16:29","modified_gmt":"2018-06-13T06:16:29","slug":"sredstva-ministarstva-pravde-za-tri-cuprijske-ustanove","status":"publish","type":"post","link":"https:\/\/centralmedia.rs\/index.php\/2018\/06\/13\/sredstva-ministarstva-pravde-za-tri-cuprijske-ustanove\/","title":{"rendered":"SREDSTVA MINISTARSTVA PRAVDE ZA TRI \u0106UPRIJSKE USTANOVE"},"content":{"rendered":"<p>\u010cUPRIJA- O\u0160 \u201cVuk Karad\u017ei\u0107\u201d, Gimnazija i Narodna biblioteka \u201cDu\u0161an Mati\u0107\u201d iz \u0106uprije dobili\u00a0 su sredstava Ministarstva pravde prikupljenih po osnovu odlaganja krivi\u010dnog gonjenja, odnosno oportuniteta.<\/p>\n<p>&#8211; O\u0160,,Vuk Karad\u017ei\u0107&#8221; je u\u010de\u0161\u0107em na konkursu dobila 1.187.550 dinara za opremanje 5 u\u010dionica pametnim tablama ,projektorima i lap topovima, saop\u0161tila je direktorka te \u0161kola Vesna Vijorovi\u0107.<\/p>\n<p>Ove obrazovne i kulturne ustanove tako su se svrstale u red 130 institucija izabranih na konkursu koji Ministarstvo pravde raspisuje tre\u0107u godinu zaredom, sa ciljem pru\u017eanja finansijske podr\u0161ke projektima od najve\u0107eg javnog interesa u oblasti socijalne politike, zdravstva, prosvete, kulture i humanitarnog rada.<\/p>\n","protected":false},"excerpt":{"rendered":"<p>\u010cUPRIJA- O\u0160 \u201cVuk Karad\u017ei\u0107\u201d, Gimnazija i Narodna biblioteka \u201cDu\u0161an Mati\u0107\u201d iz \u0106uprije dobili\u00a0 su sredstava Ministarstva pravde prikupljenih po osnovu odlaganja krivi\u010dnog gonjenja, odnosno oportuniteta. &hellip; <\/p>\n","protected":false},"author":4,"featured_media":12567,"comment_status":"open","ping_status":"open","sticky":false,"template":"","format":"standard","meta":{"footnotes":""},"categories":[1515,14,1524,2,887,12],"tags":[44,2955],"_links":{"self":[{"href":"https:\/\/centralmedia.rs\/index.php\/wp-json\/wp\/v2\/posts\/12566"}],"collection":[{"href":"https:\/\/centralmedia.rs\/index.php\/wp-json\/wp\/v2\/posts"}],"about":[{"href":"https:\/\/centralmedia.rs\/index.php\/wp-json\/wp\/v2\/types\/post"}],"author":[{"embeddable":true,"href":"https:\/\/centralmedia.rs\/index.php\/wp-json\/wp\/v2\/users\/4"}],"replies":[{"embeddable":true,"href":"https:\/\/centralmedia.rs\/index.php\/wp-json\/wp\/v2\/comments?post=12566"}],"version-history":[{"count":1,"href":"https:\/\/centralmedia.rs\/index.php\/wp-json\/wp\/v2\/posts\/12566\/revisions"}],"predecessor-version":[{"id":12568,"href":"https:\/\/centralmedia.rs\/index.php\/wp-json\/wp\/v2\/posts\/12566\/revisions\/12568"}],"wp:featuredmedia":[{"embeddable":true,"href":"https:\/\/centralmedia.rs\/index.php\/wp-json\/wp\/v2\/media\/12567"}],"wp:attachment":[{"href":"https:\/\/centralmedia.rs\/index.php\/wp-json\/wp\/v2\/media?parent=12566"}],"wp:term":[{"taxonomy":"category","embeddable":true,"href":"https:\/\/centralmedia.rs\/index.php\/wp-json\/wp\/v2\/categories?post=12566"},{"taxonomy":"post_tag","embeddable":true,"href":"https:\/\/centralmedia.rs\/index.php\/wp-json\/wp\/v2\/tags?post=12566"}],"curies":[{"name":"wp","href":"https:\/\/api.w.org\/{rel}","templated":true}]}}