{"id":12576,"date":"2018-06-13T06:58:20","date_gmt":"2018-06-13T06:58:20","guid":{"rendered":"http:\/\/centralmedia.rs\/?p=12576"},"modified":"2018-06-13T06:58:20","modified_gmt":"2018-06-13T06:58:20","slug":"dom-omladine-paracin-gosti-istoricari-cedomor-antic-nemanja-devic","status":"publish","type":"post","link":"https:\/\/centralmedia.rs\/index.php\/2018\/06\/13\/dom-omladine-paracin-gosti-istoricari-cedomor-antic-nemanja-devic\/","title":{"rendered":"DOM OMLADINE PARA\u0106IN &#8211; GOSTI ISTORI\u010cARI \u010cEDOMOR ANTI\u0106 I NEMANJA DEVI\u0106"},"content":{"rendered":"<p>PARA\u0106IN- Debata ,,Istorija Republike Srpske\u201d istori\u010dari \u010cedomir Anti\u0107 i Nemanja Devi\u0107 u organizaciji Doma omladine u Para\u0107inu. Ve\u010deras u 20 sati u Zavi\u010dajnom muzeju \u00a0Para\u0107in.<\/p>\n","protected":false},"excerpt":{"rendered":"<p>PARA\u0106IN- Debata ,,Istorija Republike Srpske\u201d istori\u010dari \u010cedomir Anti\u0107 i Nemanja Devi\u0107 u organizaciji Doma omladine u Para\u0107inu. Ve\u010deras u 20 sati u Zavi\u010dajnom muzeju \u00a0Para\u0107in.<\/p>\n","protected":false},"author":4,"featured_media":12577,"comment_status":"open","ping_status":"open","sticky":false,"template":"","format":"standard","meta":{"footnotes":""},"categories":[1524,2,1516,887,16,12],"tags":[1959,156],"_links":{"self":[{"href":"https:\/\/centralmedia.rs\/index.php\/wp-json\/wp\/v2\/posts\/12576"}],"collection":[{"href":"https:\/\/centralmedia.rs\/index.php\/wp-json\/wp\/v2\/posts"}],"about":[{"href":"https:\/\/centralmedia.rs\/index.php\/wp-json\/wp\/v2\/types\/post"}],"author":[{"embeddable":true,"href":"https:\/\/centralmedia.rs\/index.php\/wp-json\/wp\/v2\/users\/4"}],"replies":[{"embeddable":true,"href":"https:\/\/centralmedia.rs\/index.php\/wp-json\/wp\/v2\/comments?post=12576"}],"version-history":[{"count":1,"href":"https:\/\/centralmedia.rs\/index.php\/wp-json\/wp\/v2\/posts\/12576\/revisions"}],"predecessor-version":[{"id":12578,"href":"https:\/\/centralmedia.rs\/index.php\/wp-json\/wp\/v2\/posts\/12576\/revisions\/12578"}],"wp:featuredmedia":[{"embeddable":true,"href":"https:\/\/centralmedia.rs\/index.php\/wp-json\/wp\/v2\/media\/12577"}],"wp:attachment":[{"href":"https:\/\/centralmedia.rs\/index.php\/wp-json\/wp\/v2\/media?parent=12576"}],"wp:term":[{"taxonomy":"category","embeddable":true,"href":"https:\/\/centralmedia.rs\/index.php\/wp-json\/wp\/v2\/categories?post=12576"},{"taxonomy":"post_tag","embeddable":true,"href":"https:\/\/centralmedia.rs\/index.php\/wp-json\/wp\/v2\/tags?post=12576"}],"curies":[{"name":"wp","href":"https:\/\/api.w.org\/{rel}","templated":true}]}}