{"id":12579,"date":"2018-06-13T07:06:36","date_gmt":"2018-06-13T07:06:36","guid":{"rendered":"http:\/\/centralmedia.rs\/?p=12579"},"modified":"2018-06-13T07:06:36","modified_gmt":"2018-06-13T07:06:36","slug":"saopstenje-za-javnost-ps-mihajlovic-rtv-kanal-m","status":"publish","type":"post","link":"https:\/\/centralmedia.rs\/index.php\/2018\/06\/13\/saopstenje-za-javnost-ps-mihajlovic-rtv-kanal-m\/","title":{"rendered":"SAOP\u0160TENJE ZA JAVNOST PS MIHAJLOVI\u0106 I RTV KANAL M"},"content":{"rendered":"<p>Poslovni sistem Mihajlovi\u0107 u okviru koga posluje RTV Kanal M ovim putem saop\u0161tava gra\u0111anima Para\u0107ina da kao dru\u0161tveno odgovorni mediji ima obavezu da gra\u0111ane izve\u0161tava ta\u010dno i objektivno te da se zbog toga ogra\u0111uje od postupaka lokalnih vlasti na \u010dijem se \u010delu nalazi novi potpredsednik Demokratske stranke Sa\u0161a Paunovi\u0107. Kako bi smo ostali objektivni u na\u0161em izve\u0161tavanju i kako bi smo blagovremeno istinito informisali gra\u0111ane Para\u0107ina moramo da se ogradimo od lokalne vlasti u op\u0161tini Para\u0107in. Zbog afera u koje su uklju\u010deni lokalni funkcioneri bliski predsedniku op\u0161tine Para\u0107in i potpredsedniku DS Sa\u0161i Paunovi\u0107u, PS Mihajlovi\u0107 i RTV Kanal M nagla\u0161avaju da ne \u017eele da budu sau\u010desnici u neodgovornom pona\u0161anju lokalnog rukovodstva Para\u0107ina. Zbog na\u010dina na koji je lokalna vlast u Para\u0107inu sa predstavnicima Demokratske stranke okarakterisala dr\u017eavu Srbiju i iznela optu\u017ebe na ra\u010dun na\u0161e dr\u017eave u \u017ealbi Kongresu lokalnih i regionalnih vlasti Saveta Evrope, smatramo da lokalna vlast Para\u0107ina na \u010delu sa Sa\u0161om Paunovi\u0107em ne radi za dobrobit na\u0161ih gra\u0111ana. Smatramo da su lokalni problemi Para\u0107ina preneti nja republi\u010dki nivo kao jedan vid politi\u010dke borbe Demokratske stranke. Kako smo u obavezi da \u0161titimo interese gra\u0111ana Para\u0107ina zbog poverenja koje nam godinama ukazuju ovim putem se ogra\u0111ujemo od op\u0161tinske vlasti u Para\u0107inu na \u010delu sa Sa\u0161om Paunovi\u0107em.<\/p>\n<p>&nbsp;<\/p>\n","protected":false},"excerpt":{"rendered":"<p>Poslovni sistem Mihajlovi\u0107 u okviru koga posluje RTV Kanal M ovim putem saop\u0161tava gra\u0111anima Para\u0107ina da kao dru\u0161tveno odgovorni mediji ima obavezu da gra\u0111ane izve\u0161tava &hellip; <\/p>\n","protected":false},"author":4,"featured_media":12580,"comment_status":"open","ping_status":"open","sticky":false,"template":"","format":"standard","meta":{"footnotes":""},"categories":[1524,2,1516,13,12],"tags":[2959,156,2960],"_links":{"self":[{"href":"https:\/\/centralmedia.rs\/index.php\/wp-json\/wp\/v2\/posts\/12579"}],"collection":[{"href":"https:\/\/centralmedia.rs\/index.php\/wp-json\/wp\/v2\/posts"}],"about":[{"href":"https:\/\/centralmedia.rs\/index.php\/wp-json\/wp\/v2\/types\/post"}],"author":[{"embeddable":true,"href":"https:\/\/centralmedia.rs\/index.php\/wp-json\/wp\/v2\/users\/4"}],"replies":[{"embeddable":true,"href":"https:\/\/centralmedia.rs\/index.php\/wp-json\/wp\/v2\/comments?post=12579"}],"version-history":[{"count":1,"href":"https:\/\/centralmedia.rs\/index.php\/wp-json\/wp\/v2\/posts\/12579\/revisions"}],"predecessor-version":[{"id":12581,"href":"https:\/\/centralmedia.rs\/index.php\/wp-json\/wp\/v2\/posts\/12579\/revisions\/12581"}],"wp:featuredmedia":[{"embeddable":true,"href":"https:\/\/centralmedia.rs\/index.php\/wp-json\/wp\/v2\/media\/12580"}],"wp:attachment":[{"href":"https:\/\/centralmedia.rs\/index.php\/wp-json\/wp\/v2\/media?parent=12579"}],"wp:term":[{"taxonomy":"category","embeddable":true,"href":"https:\/\/centralmedia.rs\/index.php\/wp-json\/wp\/v2\/categories?post=12579"},{"taxonomy":"post_tag","embeddable":true,"href":"https:\/\/centralmedia.rs\/index.php\/wp-json\/wp\/v2\/tags?post=12579"}],"curies":[{"name":"wp","href":"https:\/\/api.w.org\/{rel}","templated":true}]}}