{"id":12626,"date":"2018-06-18T18:33:40","date_gmt":"2018-06-18T18:33:40","guid":{"rendered":"http:\/\/centralmedia.rs\/?p=12626"},"modified":"2018-06-18T18:33:40","modified_gmt":"2018-06-18T18:33:40","slug":"voda-se-povukla-iz-svilajnackih-sela","status":"publish","type":"post","link":"https:\/\/centralmedia.rs\/index.php\/2018\/06\/18\/voda-se-povukla-iz-svilajnackih-sela\/","title":{"rendered":"VODA SE POVUKLA IZ SVILAJNA\u010cKIH SELA"},"content":{"rendered":"<p>SVILAJNAC- Posle izlivanja buji\u010dnih vodotokova stanje u selima op\u0161tine Svilajnac, koja su bila zahva\u0107ena poplavom, voda se povukla i dalje na snazi vanredna situacija.<\/p>\n<p>&#8211; Na terenu su ekipe Komunalnog javnog preduze\u0107a \u201eMorava\u201c, a anga\u017eovane su i privatne firme koje poma\u017eu svojom mehanizacijom i na terenu \u010diste sa puteva mulj i \u0111ubre koje je nanela voda. Radi se i na ispumpavanju vode, a Vodoprivreda Po\u017earevac oja\u010dava nasip u selu Ku\u0161iljevo koji je bio probijen bujicom. Na terenu je i komisija za popis \u0161tete koja je radila celog vikenda kako bi dobili podatke o proceni \u0161tete. I dalje su na snazi dvadeset\u010detvoro\u010dasovna de\u017eurstva i sve slu\u017ebe su anga\u017eovane na sanaciji posledica ju\u010dera\u0161nje elementarne nepogode, ka\u017ee predsednik op\u0161tine Svilajnac Predrag Milanovi\u0107 koji je obilazio tokom vikenda poplavljeno podru\u010dje.<\/p>\n<div id='gallery-1' class='gallery galleryid-12626 gallery-columns-3 gallery-size-full'><figure class='gallery-item'>\n\t\t\t<div class='gallery-icon landscape'>\n\t\t\t\t<a href='https:\/\/centralmedia.rs\/index.php\/2018\/06\/18\/voda-se-povukla-iz-svilajnackih-sela\/stanje-u-djurincu\/'><img loading=\"lazy\" decoding=\"async\" width=\"900\" height=\"600\" src=\"https:\/\/centralmedia.rs\/wp-content\/uploads\/2018\/06\/stanje-u-\u0110urincu.jpg\" class=\"attachment-full size-full\" alt=\"\" srcset=\"https:\/\/centralmedia.rs\/wp-content\/uploads\/2018\/06\/stanje-u-\u0110urincu.jpg 900w, https:\/\/centralmedia.rs\/wp-content\/uploads\/2018\/06\/stanje-u-\u0110urincu-300x200.jpg 300w, https:\/\/centralmedia.rs\/wp-content\/uploads\/2018\/06\/stanje-u-\u0110urincu-768x512.jpg 768w\" sizes=\"(max-width: 900px) 100vw, 900px\" \/><\/a>\n\t\t\t<\/div><\/figure><figure class='gallery-item'>\n\t\t\t<div class='gallery-icon landscape'>\n\t\t\t\t<a href='https:\/\/centralmedia.rs\/index.php\/2018\/06\/18\/voda-se-povukla-iz-svilajnackih-sela\/stanje-u-kusiljevu-1\/'><img loading=\"lazy\" decoding=\"async\" width=\"900\" height=\"600\" src=\"https:\/\/centralmedia.rs\/wp-content\/uploads\/2018\/06\/stanje-u-Ku\u0161iljevu-1.jpg\" class=\"attachment-full size-full\" alt=\"\" srcset=\"https:\/\/centralmedia.rs\/wp-content\/uploads\/2018\/06\/stanje-u-Ku\u0161iljevu-1.jpg 900w, https:\/\/centralmedia.rs\/wp-content\/uploads\/2018\/06\/stanje-u-Ku\u0161iljevu-1-300x200.jpg 300w, https:\/\/centralmedia.rs\/wp-content\/uploads\/2018\/06\/stanje-u-Ku\u0161iljevu-1-768x512.jpg 768w\" sizes=\"(max-width: 900px) 100vw, 900px\" \/><\/a>\n\t\t\t<\/div><\/figure><figure class='gallery-item'>\n\t\t\t<div class='gallery-icon landscape'>\n\t\t\t\t<a href='https:\/\/centralmedia.rs\/index.php\/2018\/06\/18\/voda-se-povukla-iz-svilajnackih-sela\/stanje-u-kusiljevu-4\/'><img loading=\"lazy\" decoding=\"async\" width=\"900\" height=\"600\" src=\"https:\/\/centralmedia.rs\/wp-content\/uploads\/2018\/06\/stanje-u-Ku\u0161iljevu-4.jpg\" class=\"attachment-full size-full\" alt=\"\" srcset=\"https:\/\/centralmedia.rs\/wp-content\/uploads\/2018\/06\/stanje-u-Ku\u0161iljevu-4.jpg 900w, https:\/\/centralmedia.rs\/wp-content\/uploads\/2018\/06\/stanje-u-Ku\u0161iljevu-4-300x200.jpg 300w, https:\/\/centralmedia.rs\/wp-content\/uploads\/2018\/06\/stanje-u-Ku\u0161iljevu-4-768x512.jpg 768w\" sizes=\"(max-width: 900px) 100vw, 900px\" \/><\/a>\n\t\t\t<\/div><\/figure>\n\t\t<\/div>\n\n<p>Podse\u0107amo, op\u0161tinu Svilajnac je u no\u0107i izme\u0111u \u010detvrtka i petka zahvatila jaka ki\u0161a, palo je oko 120 litara ki\u0161e po metru za svega nekoliko sati\u00a0 i tom prilikom bujica je poplavila nekoliko sela na teritoriji ove op\u0161tine, me\u0111u kojima je najve\u0107u \u0161tetu pretrpelo selo Ku\u0161iljevo.<\/p>\n","protected":false},"excerpt":{"rendered":"<p>SVILAJNAC- Posle izlivanja buji\u010dnih vodotokova stanje u selima op\u0161tine Svilajnac, koja su bila zahva\u0107ena poplavom, voda se povukla i dalje na snazi vanredna situacija. &#8211; &hellip; <\/p>\n","protected":false},"author":4,"featured_media":12627,"comment_status":"open","ping_status":"open","sticky":false,"template":"","format":"standard","meta":{"footnotes":""},"categories":[14,1524,2,887,12,1517],"tags":[599,909,38],"_links":{"self":[{"href":"https:\/\/centralmedia.rs\/index.php\/wp-json\/wp\/v2\/posts\/12626"}],"collection":[{"href":"https:\/\/centralmedia.rs\/index.php\/wp-json\/wp\/v2\/posts"}],"about":[{"href":"https:\/\/centralmedia.rs\/index.php\/wp-json\/wp\/v2\/types\/post"}],"author":[{"embeddable":true,"href":"https:\/\/centralmedia.rs\/index.php\/wp-json\/wp\/v2\/users\/4"}],"replies":[{"embeddable":true,"href":"https:\/\/centralmedia.rs\/index.php\/wp-json\/wp\/v2\/comments?post=12626"}],"version-history":[{"count":1,"href":"https:\/\/centralmedia.rs\/index.php\/wp-json\/wp\/v2\/posts\/12626\/revisions"}],"predecessor-version":[{"id":12631,"href":"https:\/\/centralmedia.rs\/index.php\/wp-json\/wp\/v2\/posts\/12626\/revisions\/12631"}],"wp:featuredmedia":[{"embeddable":true,"href":"https:\/\/centralmedia.rs\/index.php\/wp-json\/wp\/v2\/media\/12627"}],"wp:attachment":[{"href":"https:\/\/centralmedia.rs\/index.php\/wp-json\/wp\/v2\/media?parent=12626"}],"wp:term":[{"taxonomy":"category","embeddable":true,"href":"https:\/\/centralmedia.rs\/index.php\/wp-json\/wp\/v2\/categories?post=12626"},{"taxonomy":"post_tag","embeddable":true,"href":"https:\/\/centralmedia.rs\/index.php\/wp-json\/wp\/v2\/tags?post=12626"}],"curies":[{"name":"wp","href":"https:\/\/api.w.org\/{rel}","templated":true}]}}