{"id":12643,"date":"2018-06-19T18:32:35","date_gmt":"2018-06-19T18:32:35","guid":{"rendered":"http:\/\/centralmedia.rs\/?p=12643"},"modified":"2018-06-19T18:32:35","modified_gmt":"2018-06-19T18:32:35","slug":"sa-prvenstva-srbije-za-juniore-jeremic-u-eliti","status":"publish","type":"post","link":"https:\/\/centralmedia.rs\/index.php\/2018\/06\/19\/sa-prvenstva-srbije-za-juniore-jeremic-u-eliti\/","title":{"rendered":"Sa prvenstva Srbije za juniore &#8211; JEREMI\u0106 U ELITI!"},"content":{"rendered":"<p>Proteklog vikenda u Sremskoj Mitrovici odr\u017eano je prvenstvo Srbije za juniore.Po izuzetno lo\u0161em vremenu, u obilju ki\u0161e i vetra odr\u017eana je smotra najboljih juniora Srbije.Pored ostalih u\u010destvovalo je i dvojica sprintera GAK \u201cJagodina\u201d.<\/p>\n<p>Prvi je u elitnoj disciplini nastupio Savi\u0107 Mihajlo (17).Ovo je mla\u0111i junior kome je ovo drugo takmi\u010denje za GAK \u201cJagodina\u201d i koji je po jakom pljusku ovu trku istr\u010dao za 12 sekundi. Od njega se o\u010dekuje da bude kandidat za juniorsku reprezentaciju u naredne dve godine. \u0110or\u0111e Jeremi\u0107 (19) najbr\u017ei junior centralne Srbije iako u o\u010dajnim vremenskim uslovima odli\u010dnim tr\u010danjem u polufinalnoj trci uspeo je da se plasira u finale elitne discipline. Sa rezultatom 11,78 sekundi na\u0161ao se me\u0111u najboljih osam sprintera Srbije. U finalnoj trci je istr\u010dao ne\u0161to bolji rezultat 11,68 sekundi, i zauzeo je odli\u010dno sedmo mesto u finalnoj trci. Ovaj mladi sprinter ima mnogo ve\u0107e mogu\u0107nosti ali obzirom da mu je prvo finale u karijeri iskustvo je bilo neophodno za vi\u0161a ostvarenja. Veoma je va\u017eno napomenuti da je Jeremi\u0107 jedini sprinter u finalu koji trenira ju\u017eno od Beograda.Tako\u0111e, jedini je sprinter iz grada koji nema sinteti\u010dku podlogu, odnosno tartan stazu, \u0161to njegovo dostignu\u0107e di\u017ee na vi\u0161i nivo. U trci na 200 metara Jeremi\u0107 je zauzeo prvo mesto u takmi\u010darskoj grupi li\u010dnim rekordom 23,75 sekundi i ukupno je zavr\u0161io osmi. Savi\u0107 je bio odmah iza \u0110or\u0111a u istoj takmi\u010darskoj grupi i sa 24,07 postavio je novi li\u010dni rekord i klupski rekord za mla\u0111e juniore.<\/p>\n<p>&nbsp;<\/p>\n","protected":false},"excerpt":{"rendered":"<p>Proteklog vikenda u Sremskoj Mitrovici odr\u017eano je prvenstvo Srbije za juniore.Po izuzetno lo\u0161em vremenu, u obilju ki\u0161e i vetra odr\u017eana je smotra najboljih juniora Srbije.Pored &hellip; <\/p>\n","protected":false},"author":4,"featured_media":12644,"comment_status":"open","ping_status":"open","sticky":false,"template":"","format":"standard","meta":{"footnotes":""},"categories":[1524,2,1514,21],"tags":[48,58,2968],"_links":{"self":[{"href":"https:\/\/centralmedia.rs\/index.php\/wp-json\/wp\/v2\/posts\/12643"}],"collection":[{"href":"https:\/\/centralmedia.rs\/index.php\/wp-json\/wp\/v2\/posts"}],"about":[{"href":"https:\/\/centralmedia.rs\/index.php\/wp-json\/wp\/v2\/types\/post"}],"author":[{"embeddable":true,"href":"https:\/\/centralmedia.rs\/index.php\/wp-json\/wp\/v2\/users\/4"}],"replies":[{"embeddable":true,"href":"https:\/\/centralmedia.rs\/index.php\/wp-json\/wp\/v2\/comments?post=12643"}],"version-history":[{"count":1,"href":"https:\/\/centralmedia.rs\/index.php\/wp-json\/wp\/v2\/posts\/12643\/revisions"}],"predecessor-version":[{"id":12645,"href":"https:\/\/centralmedia.rs\/index.php\/wp-json\/wp\/v2\/posts\/12643\/revisions\/12645"}],"wp:featuredmedia":[{"embeddable":true,"href":"https:\/\/centralmedia.rs\/index.php\/wp-json\/wp\/v2\/media\/12644"}],"wp:attachment":[{"href":"https:\/\/centralmedia.rs\/index.php\/wp-json\/wp\/v2\/media?parent=12643"}],"wp:term":[{"taxonomy":"category","embeddable":true,"href":"https:\/\/centralmedia.rs\/index.php\/wp-json\/wp\/v2\/categories?post=12643"},{"taxonomy":"post_tag","embeddable":true,"href":"https:\/\/centralmedia.rs\/index.php\/wp-json\/wp\/v2\/tags?post=12643"}],"curies":[{"name":"wp","href":"https:\/\/api.w.org\/{rel}","templated":true}]}}