{"id":12664,"date":"2018-06-20T16:33:35","date_gmt":"2018-06-20T16:33:35","guid":{"rendered":"http:\/\/centralmedia.rs\/?p=12664"},"modified":"2018-06-20T16:33:35","modified_gmt":"2018-06-20T16:33:35","slug":"morava-moje-more","status":"publish","type":"post","link":"https:\/\/centralmedia.rs\/index.php\/2018\/06\/20\/morava-moje-more\/","title":{"rendered":"MORAVA MOJE MORE"},"content":{"rendered":"<p>\u0106UPRIJA- U organizaciji Ekolo\u0161kog pokreta iz \u0106uprje<a href=\"https:\/\/centralmedia.rs\/wp-content\/uploads\/2018\/06\/bajka.jpg\"><img loading=\"lazy\" decoding=\"async\" class=\"alignright size-medium wp-image-12667\" src=\"https:\/\/centralmedia.rs\/wp-content\/uploads\/2018\/06\/bajka-272x300.jpg\" alt=\"\" width=\"272\" height=\"300\" srcset=\"https:\/\/centralmedia.rs\/wp-content\/uploads\/2018\/06\/bajka-272x300.jpg 272w, https:\/\/centralmedia.rs\/wp-content\/uploads\/2018\/06\/bajka.jpg 620w\" sizes=\"(max-width: 272px) 100vw, 272px\" \/><\/a> 9. manifestacija Morava moje more bi\u0107e odr\u017eana u subotu 23. juna u 16 sati u Moravskom parku. Na programu su tradicionalne de\u010dije igre, takmi\u010denje u streli\u010darstvu, de\u010dije radionice, gostovanje Prirodnja\u010dkog centra iz Svilajnca. Od 18.30 predvi\u0111ena je Maksina zanimljiva laobratorija, pesni\u010dki trenutak dece pesnika iz \u0106uprije, a od 20 sati je de\u010dija predstava Prase\u0107a rokersko ekolo\u0161ka \u00a0bajka.<\/p>\n","protected":false},"excerpt":{"rendered":"<p>\u0106UPRIJA- U organizaciji Ekolo\u0161kog pokreta iz \u0106uprje 9. manifestacija Morava moje more bi\u0107e odr\u017eana u subotu 23. juna u 16 sati u Moravskom parku. Na &hellip; <\/p>\n","protected":false},"author":4,"featured_media":12666,"comment_status":"open","ping_status":"open","sticky":false,"template":"","format":"standard","meta":{"footnotes":""},"categories":[1515,1524,2,887,16,12],"tags":[44,2973,2972,2231],"_links":{"self":[{"href":"https:\/\/centralmedia.rs\/index.php\/wp-json\/wp\/v2\/posts\/12664"}],"collection":[{"href":"https:\/\/centralmedia.rs\/index.php\/wp-json\/wp\/v2\/posts"}],"about":[{"href":"https:\/\/centralmedia.rs\/index.php\/wp-json\/wp\/v2\/types\/post"}],"author":[{"embeddable":true,"href":"https:\/\/centralmedia.rs\/index.php\/wp-json\/wp\/v2\/users\/4"}],"replies":[{"embeddable":true,"href":"https:\/\/centralmedia.rs\/index.php\/wp-json\/wp\/v2\/comments?post=12664"}],"version-history":[{"count":1,"href":"https:\/\/centralmedia.rs\/index.php\/wp-json\/wp\/v2\/posts\/12664\/revisions"}],"predecessor-version":[{"id":12668,"href":"https:\/\/centralmedia.rs\/index.php\/wp-json\/wp\/v2\/posts\/12664\/revisions\/12668"}],"wp:featuredmedia":[{"embeddable":true,"href":"https:\/\/centralmedia.rs\/index.php\/wp-json\/wp\/v2\/media\/12666"}],"wp:attachment":[{"href":"https:\/\/centralmedia.rs\/index.php\/wp-json\/wp\/v2\/media?parent=12664"}],"wp:term":[{"taxonomy":"category","embeddable":true,"href":"https:\/\/centralmedia.rs\/index.php\/wp-json\/wp\/v2\/categories?post=12664"},{"taxonomy":"post_tag","embeddable":true,"href":"https:\/\/centralmedia.rs\/index.php\/wp-json\/wp\/v2\/tags?post=12664"}],"curies":[{"name":"wp","href":"https:\/\/api.w.org\/{rel}","templated":true}]}}