{"id":12679,"date":"2018-06-20T17:07:25","date_gmt":"2018-06-20T17:07:25","guid":{"rendered":"http:\/\/centralmedia.rs\/?p=12679"},"modified":"2018-06-20T17:07:25","modified_gmt":"2018-06-20T17:07:25","slug":"vidovdanske-svecanosti-u-cupriji-koncert-danice-krstic","status":"publish","type":"post","link":"https:\/\/centralmedia.rs\/index.php\/2018\/06\/20\/vidovdanske-svecanosti-u-cupriji-koncert-danice-krstic\/","title":{"rendered":"VIDOVDANSKE  SVE\u010cANOSTI U \u0106UPRIJI &#8211; Koncert Danice Krsti\u0107"},"content":{"rendered":"<p>\u0106URPIJA- Vidovdanske sve\u010danosti u \u0106upriji tradicionalno se odr\u017eavaju pod pokroviteljstvom op\u0161tine \u0106uprija i u organizaciji Turisti\u010dke organizacije. Zna\u010daj Vidovdana za srpski narod proisti\u010de iz istorijskih doga\u0111aja koji su vezani za taj datum od kojih je najzna\u010dajniji Kosovski boj i pogibija Kneza Lazara.<a href=\"https:\/\/centralmedia.rs\/wp-content\/uploads\/2018\/06\/vidovdan.jpg\"><img loading=\"lazy\" decoding=\"async\" class=\"aligncenter size-full wp-image-12681\" src=\"https:\/\/centralmedia.rs\/wp-content\/uploads\/2018\/06\/vidovdan.jpg\" alt=\"\" width=\"960\" height=\"460\" srcset=\"https:\/\/centralmedia.rs\/wp-content\/uploads\/2018\/06\/vidovdan.jpg 960w, https:\/\/centralmedia.rs\/wp-content\/uploads\/2018\/06\/vidovdan-300x144.jpg 300w, https:\/\/centralmedia.rs\/wp-content\/uploads\/2018\/06\/vidovdan-768x368.jpg 768w\" sizes=\"(max-width: 960px) 100vw, 960px\" \/><\/a><\/p>\n<p>Vidovdanske sve\u010danosti po\u010dinju 27. juna u 18 \u010dasova otvranjem izlo\u017ebe slika sa likovne kolonije u muzeju Horeum Margi. Na Vidovdan 28. juna, posle svete liturgije, u 11 \u010dasova predvi\u0111ena je Sve\u010dana akademija u porti manastira Ravanica\u00a0, obra\u0107anje Vladike Ignjatija i predsednika op\u0161tine Ninoslava Eri\u0107a, zatim \u0107e hor Margi izvesti pesmu &#8220;Ovo je Srbija&#8221; i pozori\u0161ni igrokaz &#8220;Vidovdan uo\u010di boja&#8221; u izvo\u0111enju Art krug iz Jagodine. Sve vreme u porti manastira ima\u0107ete priliku da upoznate vitezove &#8220;SVIBOR&#8221;-a, dru\u017eiti se sa umetnicima sa likovne kolonije a pravi performans \u0107e Vam praviti deca pred\u0161koslke ustanove &#8220;De\u010dja radost&#8221;.<br \/>\nU 20 \u010dasova muzi\u010dko-duhovno ve\u010de sa Danicom Krsti\u0107 u Amfiteatru Moravskog parka.<\/p>\n<p>Dan kasnije u 17 \u010dasova knji\u017eevno-duhovno ve\u010de sa gostom Jovanom Janji\u0107em i prezentovanjem knjige &#8220;Vidovdan, ju\u010de, danas, sutra&#8221; u prostorijama Ustanove kulture, dok \u0107e 30. juna od 10 do 17 \u010dasova\u00a0u sitom prostoru biti odr\u017eana Prva smotra tradiconalnog stvarala\u0161tva \u017eena Udru\u017eenje \u017eena &#8220;Na\u0161e zlatno doba&#8221;.<br \/>\nUlaz je slobodan.<\/p>\n<p>&nbsp;<\/p>\n","protected":false},"excerpt":{"rendered":"<p>\u0106URPIJA- Vidovdanske sve\u010danosti u \u0106upriji tradicionalno se odr\u017eavaju pod pokroviteljstvom op\u0161tine \u0106uprija i u organizaciji Turisti\u010dke organizacije. Zna\u010daj Vidovdana za srpski narod proisti\u010de iz istorijskih &hellip; <\/p>\n","protected":false},"author":4,"featured_media":12680,"comment_status":"open","ping_status":"open","sticky":false,"template":"","format":"standard","meta":{"footnotes":""},"categories":[1515,1524,2,15,887,12],"tags":[44,912,913],"_links":{"self":[{"href":"https:\/\/centralmedia.rs\/index.php\/wp-json\/wp\/v2\/posts\/12679"}],"collection":[{"href":"https:\/\/centralmedia.rs\/index.php\/wp-json\/wp\/v2\/posts"}],"about":[{"href":"https:\/\/centralmedia.rs\/index.php\/wp-json\/wp\/v2\/types\/post"}],"author":[{"embeddable":true,"href":"https:\/\/centralmedia.rs\/index.php\/wp-json\/wp\/v2\/users\/4"}],"replies":[{"embeddable":true,"href":"https:\/\/centralmedia.rs\/index.php\/wp-json\/wp\/v2\/comments?post=12679"}],"version-history":[{"count":1,"href":"https:\/\/centralmedia.rs\/index.php\/wp-json\/wp\/v2\/posts\/12679\/revisions"}],"predecessor-version":[{"id":12682,"href":"https:\/\/centralmedia.rs\/index.php\/wp-json\/wp\/v2\/posts\/12679\/revisions\/12682"}],"wp:featuredmedia":[{"embeddable":true,"href":"https:\/\/centralmedia.rs\/index.php\/wp-json\/wp\/v2\/media\/12680"}],"wp:attachment":[{"href":"https:\/\/centralmedia.rs\/index.php\/wp-json\/wp\/v2\/media?parent=12679"}],"wp:term":[{"taxonomy":"category","embeddable":true,"href":"https:\/\/centralmedia.rs\/index.php\/wp-json\/wp\/v2\/categories?post=12679"},{"taxonomy":"post_tag","embeddable":true,"href":"https:\/\/centralmedia.rs\/index.php\/wp-json\/wp\/v2\/tags?post=12679"}],"curies":[{"name":"wp","href":"https:\/\/api.w.org\/{rel}","templated":true}]}}