{"id":12700,"date":"2018-06-22T17:01:35","date_gmt":"2018-06-22T17:01:35","guid":{"rendered":"http:\/\/centralmedia.rs\/?p=12700"},"modified":"2018-06-22T17:02:57","modified_gmt":"2018-06-22T17:02:57","slug":"uhapseni-haker-zahtevao-od-jedanestogodsnjakinje-fotografije-bez-odece","status":"publish","type":"post","link":"https:\/\/centralmedia.rs\/index.php\/2018\/06\/22\/uhapseni-haker-zahtevao-od-jedanestogodsnjakinje-fotografije-bez-odece\/","title":{"rendered":"UHAP\u0160ENI HAKER ZAHTEVAO OD JEDANAESTOGODI\u0160NJAKINJE FOTOGRAFIJE BEZ ODE\u0106E"},"content":{"rendered":"<p>JAGODINA- Pripadnici Ministarstva unutra\u0161njih poslova u Jagodini uhapsili su L. \u0110. (20) iz Jagodine, zbog postojanja osnova sumnje da je izvr\u0161io krivi\u010dna dela iskori\u0161\u0107avanje ra\u010dunarske mre\u017ee ili komunikacije drugim tehni\u010dkim sredstvima za izvr\u0161enje krivi\u010dnih dela protiv polnih sloboda prema maloletnom licu i neovla\u0161\u0107en pristup tu\u0111em ra\u010dunaru, ra\u010dunarskoj mre\u017ei i tu\u0111oj bazi podataka.<\/p>\n<p>On se tereti da je u maju ove godine neovla\u0161\u0107eno pristupio ra\u010dunaru jedanaestogodi\u0161njeg de\u010daka. Potom je, kako se sumnja, sa fejsbuk profila tog de\u010daka ostvario komunikaciju sa jedanaestogodi\u0161njom devoj\u010dicom od koje je zahtevao da se fotografi\u0161e bez ode\u0107e i da mu po\u0161alje fotografije, \u0161to je ona i u\u010dinila.<\/p>\n<p>Tako\u0111e, on se sumnji\u010di da je poku\u0161ao da navede devoj\u010dicu da se sastanu i ostvare intimni kontakt, ali do tog susreta nije do\u0161lo.<\/p>\n<p>Osumnji\u010denom je odre\u0111eno zadr\u017eavanje do 48 sati nakon \u010dega \u0107e, uz krivi\u010dnu prijavu, biti priveden Tu\u017eila\u0161tvu za visokotehnolo\u0161ki kriminal u Beogradu.<\/p>\n","protected":false},"excerpt":{"rendered":"<p>JAGODINA- Pripadnici Ministarstva unutra\u0161njih poslova u Jagodini uhapsili su L. \u0110. (20) iz Jagodine, zbog postojanja osnova sumnje da je izvr\u0161io krivi\u010dna dela iskori\u0161\u0107avanje ra\u010dunarske &hellip; <\/p>\n","protected":false},"author":4,"featured_media":11758,"comment_status":"open","ping_status":"open","sticky":false,"template":"","format":"standard","meta":{"footnotes":""},"categories":[1524,20,2,1514],"tags":[2977,58,787],"_links":{"self":[{"href":"https:\/\/centralmedia.rs\/index.php\/wp-json\/wp\/v2\/posts\/12700"}],"collection":[{"href":"https:\/\/centralmedia.rs\/index.php\/wp-json\/wp\/v2\/posts"}],"about":[{"href":"https:\/\/centralmedia.rs\/index.php\/wp-json\/wp\/v2\/types\/post"}],"author":[{"embeddable":true,"href":"https:\/\/centralmedia.rs\/index.php\/wp-json\/wp\/v2\/users\/4"}],"replies":[{"embeddable":true,"href":"https:\/\/centralmedia.rs\/index.php\/wp-json\/wp\/v2\/comments?post=12700"}],"version-history":[{"count":2,"href":"https:\/\/centralmedia.rs\/index.php\/wp-json\/wp\/v2\/posts\/12700\/revisions"}],"predecessor-version":[{"id":12702,"href":"https:\/\/centralmedia.rs\/index.php\/wp-json\/wp\/v2\/posts\/12700\/revisions\/12702"}],"wp:featuredmedia":[{"embeddable":true,"href":"https:\/\/centralmedia.rs\/index.php\/wp-json\/wp\/v2\/media\/11758"}],"wp:attachment":[{"href":"https:\/\/centralmedia.rs\/index.php\/wp-json\/wp\/v2\/media?parent=12700"}],"wp:term":[{"taxonomy":"category","embeddable":true,"href":"https:\/\/centralmedia.rs\/index.php\/wp-json\/wp\/v2\/categories?post=12700"},{"taxonomy":"post_tag","embeddable":true,"href":"https:\/\/centralmedia.rs\/index.php\/wp-json\/wp\/v2\/tags?post=12700"}],"curies":[{"name":"wp","href":"https:\/\/api.w.org\/{rel}","templated":true}]}}