{"id":12703,"date":"2018-06-24T14:14:04","date_gmt":"2018-06-24T14:14:04","guid":{"rendered":"http:\/\/centralmedia.rs\/?p=12703"},"modified":"2018-06-24T14:14:04","modified_gmt":"2018-06-24T14:14:04","slug":"vitestvo-dalje-zivi-na-zlatiboru-dodeljena-priznanja-vitez-srbije","status":"publish","type":"post","link":"https:\/\/centralmedia.rs\/index.php\/2018\/06\/24\/vitestvo-dalje-zivi-na-zlatiboru-dodeljena-priznanja-vitez-srbije\/","title":{"rendered":"Vite\u0161tvo i dalje \u017eivi &#8211; Na Zlatiboru dodeljena priznanja Vitez Srbije"},"content":{"rendered":"<p>Dodelom priznanja Vidovdanski vitez na Zlatiboru, zapo\u010dele su Vidovdanske kulturne sve\u010danosti,koje se deseti,jubilarni put,odr\u017eavaju pod pokroviteljstvom op\u0161tine \u010cajetina i uz podr\u0161ku Turisti\u010dke organizacije Zlatibor.<br \/>\nPozdravljaju\u0107i ovogodi\u0161nje dobitnike priznanja predsednik op\u0161tine \u010cajetina Milan Stamatovi\u0107,ponosan sam na sve dobitnike priznanja ,koji su poneli titulu viteza ,siguran sam da \u0107e i ovogodi\u0161nji laureati s ponosom nositi ovu tiulu i kroz svoj budu\u0107i rad nastaviti da neguju vite\u0161ke vrednosti.<\/p>\n<p>-Vitezovi su za mene Srbi koji \u017eive u enklavama na Kosovu i Metohiji,koji na\u017ealost \u010desto \u017eive kao u srednjem veku,bez struje,vode ,slobode i sigurnosti.Vite\u0161tvo nije samo mu\u0161ka osobina.Za mene su vite\u0161kinje majke koje na Kosovu i Metohiji ra\u0111aju decu i odgajaju ih u duhu svetosavlja,ne znaju\u0107i \u0161ta im donosi sutra.Ovo priznanje posve\u0107ujem svim donatorima,a njih je dvanaest hiljada , ja sam samo jedan od njih &#8211; ,rekao je Arno Gujon primaju\u0107i priznanje Vitez dobro\u010dinstva .<\/p>\n<div id='gallery-1' class='gallery galleryid-12703 gallery-columns-3 gallery-size-full'><figure class='gallery-item'>\n\t\t\t<div class='gallery-icon portrait'>\n\t\t\t\t<a href='https:\/\/centralmedia.rs\/index.php\/2018\/06\/24\/vitestvo-dalje-zivi-na-zlatiboru-dodeljena-priznanja-vitez-srbije\/arno\/'><img loading=\"lazy\" decoding=\"async\" width=\"273\" height=\"410\" src=\"https:\/\/centralmedia.rs\/wp-content\/uploads\/2018\/06\/Arno.jpg\" class=\"attachment-full size-full\" alt=\"\" srcset=\"https:\/\/centralmedia.rs\/wp-content\/uploads\/2018\/06\/Arno.jpg 273w, https:\/\/centralmedia.rs\/wp-content\/uploads\/2018\/06\/Arno-200x300.jpg 200w\" sizes=\"(max-width: 273px) 100vw, 273px\" \/><\/a>\n\t\t\t<\/div><\/figure><figure class='gallery-item'>\n\t\t\t<div class='gallery-icon portrait'>\n\t\t\t\t<a href='https:\/\/centralmedia.rs\/index.php\/2018\/06\/24\/vitestvo-dalje-zivi-na-zlatiboru-dodeljena-priznanja-vitez-srbije\/pesikan\/'><img loading=\"lazy\" decoding=\"async\" width=\"273\" height=\"410\" src=\"https:\/\/centralmedia.rs\/wp-content\/uploads\/2018\/06\/Pesikan.jpg\" class=\"attachment-full size-full\" alt=\"\" srcset=\"https:\/\/centralmedia.rs\/wp-content\/uploads\/2018\/06\/Pesikan.jpg 273w, https:\/\/centralmedia.rs\/wp-content\/uploads\/2018\/06\/Pesikan-200x300.jpg 200w\" sizes=\"(max-width: 273px) 100vw, 273px\" \/><\/a>\n\t\t\t<\/div><\/figure><figure class='gallery-item'>\n\t\t\t<div class='gallery-icon portrait'>\n\t\t\t\t<a href='https:\/\/centralmedia.rs\/index.php\/2018\/06\/24\/vitestvo-dalje-zivi-na-zlatiboru-dodeljena-priznanja-vitez-srbije\/stankovic\/'><img loading=\"lazy\" decoding=\"async\" width=\"273\" height=\"410\" src=\"https:\/\/centralmedia.rs\/wp-content\/uploads\/2018\/06\/Stankovic.jpg\" class=\"attachment-full size-full\" alt=\"\" srcset=\"https:\/\/centralmedia.rs\/wp-content\/uploads\/2018\/06\/Stankovic.jpg 273w, https:\/\/centralmedia.rs\/wp-content\/uploads\/2018\/06\/Stankovic-200x300.jpg 200w\" sizes=\"(max-width: 273px) 100vw, 273px\" \/><\/a>\n\t\t\t<\/div><\/figure>\n\t\t<\/div>\n\n<p>-Vite\u0161tvo me je pratilo kroz celu sportsku karijeru,hvala \u0161to ste ga prepoznali ,izjavio\u00a0 je Vitez srpskog sporta Dejan Stankovi\u0107.O\u010duvati kult porodice u ovim brzim vremenima ,nau\u010diti nekog fer pleju,baviti se humanitarnim radom i ostati po\u0161ten,to je za mene biti vitez.-<\/p>\n<p>-Odgovornost i istrajnost,sposobnost da se izdr\u017ei i da se ne odustane i ne posustane &#8211; to je vite\u0161tvo, istakla je Vitez srpske knji\u017eevnosti prof.dr Ljiljana Pe\u0161ikan Lju\u0161tanovi\u0107.<\/p>\n<p>Vite\u0161kinje srpske muzike prof. dr Gordana Karan i dr. umetnosti, dirigent Dragana V. Jovanovi\u0107 zahvaljuju\u0107i se na dodeljenom priznanju istakle su da povratak pravim vrednostima i o\u010duvanje na\u0161e bogate tradicije treba da budu u prvom planu u predstoje\u0107em periodu.<\/p>\n<p>Plaketa Vitez srpske glume\u00a0 Svetlani Bojkovi\u0107 bi\u0107e naknadno uru\u010dena.<\/p>\n<p>Ovogodi\u0161nji laureati priznanja su dobili kao najistaknutiji pripadnici svojih profesija, koji zahvaljuju\u0107i svojim doostignu\u0107ima, godinama unazad, daju vite\u0161ke doprinose oblastima kojima se bave.<\/p>\n<p>&nbsp;<\/p>\n","protected":false},"excerpt":{"rendered":"<p>Dodelom priznanja Vidovdanski vitez na Zlatiboru, zapo\u010dele su Vidovdanske kulturne sve\u010danosti,koje se deseti,jubilarni put,odr\u017eavaju pod pokroviteljstvom op\u0161tine \u010cajetina i uz podr\u0161ku Turisti\u010dke organizacije Zlatibor. Pozdravljaju\u0107i &hellip; <\/p>\n","protected":false},"author":4,"featured_media":12704,"comment_status":"open","ping_status":"open","sticky":false,"template":"","format":"standard","meta":{"footnotes":""},"categories":[2875,14,1524,2,887,12],"tags":[2762,923,2876],"_links":{"self":[{"href":"https:\/\/centralmedia.rs\/index.php\/wp-json\/wp\/v2\/posts\/12703"}],"collection":[{"href":"https:\/\/centralmedia.rs\/index.php\/wp-json\/wp\/v2\/posts"}],"about":[{"href":"https:\/\/centralmedia.rs\/index.php\/wp-json\/wp\/v2\/types\/post"}],"author":[{"embeddable":true,"href":"https:\/\/centralmedia.rs\/index.php\/wp-json\/wp\/v2\/users\/4"}],"replies":[{"embeddable":true,"href":"https:\/\/centralmedia.rs\/index.php\/wp-json\/wp\/v2\/comments?post=12703"}],"version-history":[{"count":1,"href":"https:\/\/centralmedia.rs\/index.php\/wp-json\/wp\/v2\/posts\/12703\/revisions"}],"predecessor-version":[{"id":12708,"href":"https:\/\/centralmedia.rs\/index.php\/wp-json\/wp\/v2\/posts\/12703\/revisions\/12708"}],"wp:featuredmedia":[{"embeddable":true,"href":"https:\/\/centralmedia.rs\/index.php\/wp-json\/wp\/v2\/media\/12704"}],"wp:attachment":[{"href":"https:\/\/centralmedia.rs\/index.php\/wp-json\/wp\/v2\/media?parent=12703"}],"wp:term":[{"taxonomy":"category","embeddable":true,"href":"https:\/\/centralmedia.rs\/index.php\/wp-json\/wp\/v2\/categories?post=12703"},{"taxonomy":"post_tag","embeddable":true,"href":"https:\/\/centralmedia.rs\/index.php\/wp-json\/wp\/v2\/tags?post=12703"}],"curies":[{"name":"wp","href":"https:\/\/api.w.org\/{rel}","templated":true}]}}