{"id":12728,"date":"2018-06-26T14:30:30","date_gmt":"2018-06-26T14:30:30","guid":{"rendered":"http:\/\/centralmedia.rs\/?p=12728"},"modified":"2018-06-28T06:22:01","modified_gmt":"2018-06-28T06:22:01","slug":"koncerti-u-cupriji-paracinu-svilajncu","status":"publish","type":"post","link":"https:\/\/centralmedia.rs\/index.php\/2018\/06\/26\/koncerti-u-cupriji-paracinu-svilajncu\/","title":{"rendered":"KONCERTI U \u0106UPRIJI, PARA\u0106INU I SVILAJNCU"},"content":{"rendered":"<p>Vidovdanski koncerti u \u010detvrtak 28. juna, <a href=\"https:\/\/centralmedia.rs\/wp-content\/uploads\/2018\/06\/jelena.jpg\"><img loading=\"lazy\" decoding=\"async\" class=\"alignright size-medium wp-image-12670\" src=\"https:\/\/centralmedia.rs\/wp-content\/uploads\/2018\/06\/jelena-300x204.jpg\" alt=\"\" width=\"300\" height=\"204\" srcset=\"https:\/\/centralmedia.rs\/wp-content\/uploads\/2018\/06\/jelena-300x204.jpg 300w, https:\/\/centralmedia.rs\/wp-content\/uploads\/2018\/06\/jelena-768x522.jpg 768w, https:\/\/centralmedia.rs\/wp-content\/uploads\/2018\/06\/jelena.jpg 800w\" sizes=\"(max-width: 300px) 100vw, 300px\" \/><\/a>u \u0106upriji u 20 sati u amfiteatru Moravskog parka koncert Danice Krsti\u0107, a na trgu u centru Para\u0107ina u 21 sat nastupi\u0107e truba\u010dki orkestar Dejana Lazarevi\u0107a. U subotu od 21 sat u Svilajncu koncert Jelena Toma\u0161evi\u0107.<\/p>\n<p>Vidovdanske sve\u010danosti u \u0106upriji obilova\u0107e likovnim, knji\u017eevnim i muzi\u010dkim sadr\u017eajima prilago\u0111enim karakteru najva\u017enije kulturno-duhovne manifestacije u op\u0161tini, a prvi put deo programa, koji se tradicionalno odr\u017eavaju u porti manastira Ravanica, bi\u0107e uprili\u010deni u gradu. Obele\u017eavanje Vidovdana po\u010dinje 27. juna<a href=\"https:\/\/centralmedia.rs\/wp-content\/uploads\/2018\/06\/vidovdan-1.jpg\"><img loading=\"lazy\" decoding=\"async\" class=\"alignright size-medium wp-image-12680\" src=\"https:\/\/centralmedia.rs\/wp-content\/uploads\/2018\/06\/vidovdan-1-209x300.jpg\" alt=\"\" width=\"209\" height=\"300\" srcset=\"https:\/\/centralmedia.rs\/wp-content\/uploads\/2018\/06\/vidovdan-1-209x300.jpg 209w, https:\/\/centralmedia.rs\/wp-content\/uploads\/2018\/06\/vidovdan-1.jpg 669w\" sizes=\"(max-width: 209px) 100vw, 209px\" \/><\/a> izlo\u017ebom slika sa likovne kolonije \u201eRavanica\u201c koja se otvara u 18 sati, u galeriji muzeja \u201eHoreum Margi-Ravno\u201c. Centralna sve\u010danost\u00a0 zakazana je za \u010detvrtak 28. jun, posle Svete liturgije u porti manastira Ravanica u 11 sati bi\u0107e odr\u017eana sve\u010dana akademija, a od 20 sati u amfiteatru Moravskog parka koncert Danice Krsti\u0107- u slu\u010daju lo\u0161eg vremena svi doga\u0111aji na otvorenom prebacuju se u salu \u0160OMO \u201eDu\u0161an Skovran\u201c. U petak, 29. juna od 17 sati, u Domu kulture \u201eSin\u0111eli\u0107 bi\u0107e prire\u0111eno knji\u017eevno-duhovno ve\u010de u organizaciji Narodne biblioteke \u201eDu\u0161an Mati\u0107\u201c, a 30. juna na istom mestu od 10 do 17 sati prva smotra tradicionalnog stvarala\u0161tva Aktiva \u017eena \u201eNa\u0161e zlatno doba\u201c.<a href=\"https:\/\/centralmedia.rs\/wp-content\/uploads\/2018\/06\/DEJAN-L.jpg\"><img loading=\"lazy\" decoding=\"async\" class=\"alignright size-medium wp-image-12710\" src=\"https:\/\/centralmedia.rs\/wp-content\/uploads\/2018\/06\/DEJAN-L-300x199.jpg\" alt=\"\" width=\"300\" height=\"199\" srcset=\"https:\/\/centralmedia.rs\/wp-content\/uploads\/2018\/06\/DEJAN-L-300x199.jpg 300w, https:\/\/centralmedia.rs\/wp-content\/uploads\/2018\/06\/DEJAN-L-768x510.jpg 768w, https:\/\/centralmedia.rs\/wp-content\/uploads\/2018\/06\/DEJAN-L-1024x680.jpg 1024w, https:\/\/centralmedia.rs\/wp-content\/uploads\/2018\/06\/DEJAN-L.jpg 1084w\" sizes=\"(max-width: 300px) 100vw, 300px\" \/><\/a><\/p>\n<p>Za Vidovdan, u organizaciji Kulturnog centra, pod pokroviteljstvom op\u0161tine Para\u0107in,\u00a0 na trgu u centru grada nastupi\u0107e truba\u010dki orkestar Dejana Lazarevi\u0107a. Koncert truba\u010da na Vidovdan, koji je ujedno i va\u0161arski dan u Para\u0107inu organizuje se ve\u0107 tradicionalno godinama unazad, a po\u010detak ovogodi\u0161njeg koncerta zakazan je za 21 sat. Povodom Dana Op\u0161tine Svilajnac bi\u0107e organizovan koncert Jelene Toma\u0161evi\u0107 u subotu 30. juna u 21h na Trgu Stevana Sin\u0111eli\u0107a u Svilajncu.<\/p>\n","protected":false},"excerpt":{"rendered":"<p>Vidovdanski koncerti u \u010detvrtak 28. juna, u \u0106upriji u 20 sati u amfiteatru Moravskog parka koncert Danice Krsti\u0107, a na trgu u centru Para\u0107ina u &hellip; <\/p>\n","protected":false},"author":4,"featured_media":12681,"comment_status":"open","ping_status":"open","sticky":false,"template":"","format":"standard","meta":{"footnotes":""},"categories":[1515,1524,1516,887,16,12,1517],"tags":[44,1091,156,38,903],"_links":{"self":[{"href":"https:\/\/centralmedia.rs\/index.php\/wp-json\/wp\/v2\/posts\/12728"}],"collection":[{"href":"https:\/\/centralmedia.rs\/index.php\/wp-json\/wp\/v2\/posts"}],"about":[{"href":"https:\/\/centralmedia.rs\/index.php\/wp-json\/wp\/v2\/types\/post"}],"author":[{"embeddable":true,"href":"https:\/\/centralmedia.rs\/index.php\/wp-json\/wp\/v2\/users\/4"}],"replies":[{"embeddable":true,"href":"https:\/\/centralmedia.rs\/index.php\/wp-json\/wp\/v2\/comments?post=12728"}],"version-history":[{"count":2,"href":"https:\/\/centralmedia.rs\/index.php\/wp-json\/wp\/v2\/posts\/12728\/revisions"}],"predecessor-version":[{"id":12730,"href":"https:\/\/centralmedia.rs\/index.php\/wp-json\/wp\/v2\/posts\/12728\/revisions\/12730"}],"wp:featuredmedia":[{"embeddable":true,"href":"https:\/\/centralmedia.rs\/index.php\/wp-json\/wp\/v2\/media\/12681"}],"wp:attachment":[{"href":"https:\/\/centralmedia.rs\/index.php\/wp-json\/wp\/v2\/media?parent=12728"}],"wp:term":[{"taxonomy":"category","embeddable":true,"href":"https:\/\/centralmedia.rs\/index.php\/wp-json\/wp\/v2\/categories?post=12728"},{"taxonomy":"post_tag","embeddable":true,"href":"https:\/\/centralmedia.rs\/index.php\/wp-json\/wp\/v2\/tags?post=12728"}],"curies":[{"name":"wp","href":"https:\/\/api.w.org\/{rel}","templated":true}]}}